
{"id":793,"date":"2009-05-24T12:59:47","date_gmt":"2009-05-24T11:59:47","guid":{"rendered":"http:\/\/bibellesen.jule-pape.de\/?p=793"},"modified":"2009-05-24T12:59:47","modified_gmt":"2009-05-24T11:59:47","slug":"psalm-130-132","status":"publish","type":"post","link":"https:\/\/bibellesen.jule-pape.de\/?p=793","title":{"rendered":"Psalm 130 &#8211; 132"},"content":{"rendered":"<h3>Psalm 130<\/h3>\n<p>Ein Lied der Aufstiege.<\/p>\n<p>130 Aus den Tiefen habe ich dich angerufen, o Jehova.<\/p>\n<p>2 O Jehova, h\u00f6re doch meine Stimme.<br \/>\nM\u00f6ge es sich erweisen, da\u00df deine Ohren auf die Stimme meiner flehentlichen Bitten aufmerken.<\/p>\n<p>3 W\u00e4ren Vergehungen das, worauf du achtest, o Jah,<br \/>\nO Jehova, wer k\u00f6nnte bestehen?<\/p>\n<p>4 Denn bei dir ist die [wahre] Vergebung,<br \/>\nDamit man dich f\u00fcrchtet.<\/p>\n<p>5 Ich habe gehofft, o Jehova, meine Seele hat gehofft,<br \/>\nUnd auf sein Wort habe ich geharrt.<\/p>\n<p>6 Meine Seele [hat] auf Jehova [geharrt]<br \/>\nMehr als W\u00e4chter auf den Morgen,<br \/>\nW\u00e4chter auf den Morgen.<\/p>\n<p>7 Israel harre auf Jehova.<br \/>\nDenn bei Jehova ist liebende G\u00fcte,<br \/>\nUnd in so reichem Ma\u00dfe gibt es Erl\u00f6sung bei ihm.<\/p>\n<p>8 Und er selbst wird Israel erl\u00f6sen von all seinen Vergehungen.<\/p>\n<h3>Psalm 131<\/h3>\n<p>Ein Lied der Aufstiege. Von David.<\/p>\n<p>131 O Jehova, mein Herz ist nicht hochm\u00fctig gewesen,<br \/>\nNoch sind meine Augen \u00fcberheblich gewesen;<br \/>\nAuch bin ich nicht mit Dingen umgegangen, die zu gro\u00df,<br \/>\nNoch mit Dingen, die zu wunderbar sind f\u00fcr mich.<\/p>\n<p>2 Sicherlich habe ich meine Seele beschwichtigt und beruhigt<br \/>\nGleich einem Entw\u00f6hnten bei seiner Mutter.<br \/>\nMeine Seele ist gleich einem Entw\u00f6hnten bei mir.<\/p>\n<p>3 Israel harre auf Jehova<br \/>\nVon nun an bis auf unabsehbare Zeit.<\/p>\n<h3>Psalm 132<\/h3>\n<p>Ein Lied der Aufstiege.<\/p>\n<p>132 Gedenke, o Jehova, hinsichtlich Davids<br \/>\nAll seiner Erniedrigungen;<br \/>\n2 Wie er Jehova schwor,<br \/>\nWie er dem Starken Jakobs gelobte:<\/p>\n<p>3 &#8222;Ich will nicht in das Zelt meines Hauses gehen.<br \/>\nIch will nicht den Diwan meiner gro\u00dfartigen Lagerst\u00e4tte besteigen,<br \/>\n4 Ich will meinen Augen nicht Schlaf g\u00f6nnen<br \/>\nNoch Schlummer meinen eigenen gl\u00e4nzenden Augen,<br \/>\n5 Bis ich eine St\u00e4tte finde f\u00fcr Jehova,<br \/>\nEine gro\u00dfartige Wohnst\u00e4tte f\u00fcr den Starken Jakobs.&#8220;<\/p>\n<p>6 Siehe! Wir haben davon geh\u00f6rt in Ephratha,<br \/>\nWir haben sie gefunden in dem Gefilde des Waldes.<\/p>\n<p>7 La\u00dft uns in seine gro\u00dfartige Wohnst\u00e4tte kommen;<br \/>\nBeugen wir uns nieder am Schemel seiner F\u00fc\u00dfe.<\/p>\n<p>8 Erheb dich doch, o Jehova, zu deinem Ruheort,<br \/>\nDu und die Lade deiner St\u00e4rke.<\/p>\n<p>9 Deine Priester la\u00df mit Gerechtigkeit bekleidet werden,<br \/>\nUnd deine Loyalgesinnten m\u00f6gen jubeln.<\/p>\n<p>10 Davids, deines Knechtes, wegen<br \/>\nWeise das Angesicht deines Gesalbten nicht ab.<\/p>\n<p>11 Jehova hat David geschworen,<br \/>\nEr wird in Wahrheit nicht davon abgehen:<br \/>\n&#8222;Von der Frucht deines Leibes<br \/>\nWerde ich auf deinen Thron setzen.<\/p>\n<p>12 Wenn deine S\u00f6hne meinen Bund halten werden<br \/>\nUnd meine Mahnungen, die ich sie lehren werde,<br \/>\nSo werden auch ihre S\u00f6hne f\u00fcr immer<br \/>\nAuf deinem Thron sitzen.&#8220;<\/p>\n<p>13 Denn Jehova hat Zion erw\u00e4hlt;<br \/>\nAls Wohnung f\u00fcr sich hat er danach Verlangen gehabt:<\/p>\n<p>14 &#8222;Dies ist mein Ruheort f\u00fcr immer;<br \/>\nHier werde ich wohnen, denn mich hat danach verlangt.<\/p>\n<p>15 Seine Wegzehrung werde ich ganz gewi\u00df segnen.<br \/>\nSeine Armen werde ich mit Brot s\u00e4ttigen.<\/p>\n<p>16 Und seine Priester werde ich mit Rettung bekleiden;<br \/>\nUnd seine Loyalgesinnten werden ganz bestimmt jubeln.<\/p>\n<p>17 Dort werde ich das Horn Davids wachsen lassen.<br \/>\nIch habe eine Leuchte f\u00fcr meinen Gesalbten zugerichtet.<\/p>\n<p>18 Seine Feinde werde ich mit Schande bekleiden;<br \/>\nAuf ihm aber wird sein Diadem bl\u00fchen.&#8220;<\/p>\n","protected":false},"excerpt":{"rendered":"<p>Psalm 130 Ein Lied der Aufstiege. 130 Aus den Tiefen habe ich dich angerufen, o Jehova. 2 O Jehova, h\u00f6re doch meine Stimme. M\u00f6ge es sich erweisen, da\u00df deine Ohren auf die Stimme meiner flehentlichen Bitten aufmerken. 3 W\u00e4ren Vergehungen das, worauf du achtest, o Jah, O Jehova, wer k\u00f6nnte bestehen? 4 Denn bei dir [&hellip;]<\/p>\n","protected":false},"author":2,"featured_media":0,"comment_status":"open","ping_status":"open","sticky":false,"template":"","format":"standard","meta":{"footnotes":""},"categories":[23,441,2],"tags":[],"class_list":["post-793","post","type-post","status-publish","format-standard","hentry","category-eigene-gedanken-zum-geschehen","category-psalmen","category-text-in-der-bibel"],"_links":{"self":[{"href":"https:\/\/bibellesen.jule-pape.de\/index.php?rest_route=\/wp\/v2\/posts\/793","targetHints":{"allow":["GET"]}}],"collection":[{"href":"https:\/\/bibellesen.jule-pape.de\/index.php?rest_route=\/wp\/v2\/posts"}],"about":[{"href":"https:\/\/bibellesen.jule-pape.de\/index.php?rest_route=\/wp\/v2\/types\/post"}],"author":[{"embeddable":true,"href":"https:\/\/bibellesen.jule-pape.de\/index.php?rest_route=\/wp\/v2\/users\/2"}],"replies":[{"embeddable":true,"href":"https:\/\/bibellesen.jule-pape.de\/index.php?rest_route=%2Fwp%2Fv2%2Fcomments&post=793"}],"version-history":[{"count":2,"href":"https:\/\/bibellesen.jule-pape.de\/index.php?rest_route=\/wp\/v2\/posts\/793\/revisions"}],"predecessor-version":[{"id":795,"href":"https:\/\/bibellesen.jule-pape.de\/index.php?rest_route=\/wp\/v2\/posts\/793\/revisions\/795"}],"wp:attachment":[{"href":"https:\/\/bibellesen.jule-pape.de\/index.php?rest_route=%2Fwp%2Fv2%2Fmedia&parent=793"}],"wp:term":[{"taxonomy":"category","embeddable":true,"href":"https:\/\/bibellesen.jule-pape.de\/index.php?rest_route=%2Fwp%2Fv2%2Fcategories&post=793"},{"taxonomy":"post_tag","embeddable":true,"href":"https:\/\/bibellesen.jule-pape.de\/index.php?rest_route=%2Fwp%2Fv2%2Ftags&post=793"}],"curies":[{"name":"wp","href":"https:\/\/api.w.org\/{rel}","templated":true}]}}