
{"id":3866,"date":"2013-10-03T17:44:54","date_gmt":"2013-10-03T16:44:54","guid":{"rendered":"http:\/\/bibellesen.jule-pape.de\/?p=3866"},"modified":"2013-10-06T17:45:22","modified_gmt":"2013-10-06T16:45:22","slug":"laecheln","status":"publish","type":"post","link":"https:\/\/bibellesen.jule-pape.de\/?p=3866","title":{"rendered":"L\u00c4CHELN!"},"content":{"rendered":"<p><em style=\"font-size: 14px;\">Einen fr\u00f6hlichen Menschen erkennt man an seinem strahlenden Gesicht, aber einem verbitterten fehlt jede Lebensfreude.<\/em><\/p>\n<div style=\"text-align: right; margin-bottom: 30px;\"><em style=\"font-size: 14px;\">Spr\u00fcche 15,13 (HFA)<\/em><\/div>\n<p>&nbsp;<\/p>\n<p style=\"font-size: 14px;\">Jeder kann l\u00e4cheln. Es ist eines der sch\u00f6nsten Geschenke, das Gott uns gemacht hat. Ein L\u00e4cheln sorgt daf\u00fcr, dass es Menschen gut geht und l\u00e4chelnde Menschen sehen h\u00fcbsch aus. Wenn Ihre Freude sichtbar wird, f\u00e4rbt sie auch auf andere ab. Aber wenn Sie Gottes Freude in sich verschlossen halten und sie nicht zeigen, dann nehmen Sie den Menschen um sich herum ein angenehmes und aufmunterndes Erlebnis.<\/p>\n<p>Die meisten Menschen verstehen nicht, dass es ihre Umst\u00e4nde und vielleicht sogar das Leben anderer ver\u00e4ndern w\u00fcrde, wenn sie Freude zeigten. Sobald Sie Ihr Leben mit der Freude Gottes leben, wird dies Ihre negativen, bedr\u00fcckenden Umst\u00e4nde verjagen. Und wenn seine Freude tief in uns verankert ist, k\u00f6nnen wir nicht anders, als sie auch zu zeigen \u0096 durch ein L\u00e4cheln!<\/p>\n<p>Ich h\u00e4tte nie gedacht, dass L\u00e4cheln so eine ernste Sache ist, aber Gott hat mir gezeigt, welche ver\u00e4ndernde Kraft ein einfaches L\u00e4cheln hat. Freude durch ein ruhiges, vergn\u00fcgtes L\u00e4cheln auszudr\u00fccken bringt Gutes in unser eigenes Leben und wir teilen die Freude und das Licht des Herrn mit anderen. Also l\u00e4cheln Sie!<\/p>\n<p>Gebet: Herr, erinnere mich jeden Tag daran zu l\u00e4cheln. Du hast mir gro\u00dfe Freude geschenkt. Das will ich zeigen und das Leben anderer damit ein wenig heller machen!<\/p>\n","protected":false},"excerpt":{"rendered":"<p>Einen fr\u00f6hlichen Menschen erkennt man an seinem strahlenden Gesicht, aber einem verbitterten fehlt jede Lebensfreude. Spr\u00fcche 15,13 (HFA) &nbsp; Jeder kann l\u00e4cheln. Es ist eines der sch\u00f6nsten Geschenke, das Gott uns gemacht hat. Ein L\u00e4cheln sorgt daf\u00fcr, dass es Menschen gut geht und l\u00e4chelnde Menschen sehen h\u00fcbsch aus. Wenn Ihre Freude sichtbar wird, f\u00e4rbt sie [&hellip;]<\/p>\n","protected":false},"author":2,"featured_media":0,"comment_status":"open","ping_status":"open","sticky":false,"template":"","format":"standard","meta":{"footnotes":""},"categories":[594],"tags":[],"class_list":["post-3866","post","type-post","status-publish","format-standard","hentry","category-joyce-meyer-andacht"],"_links":{"self":[{"href":"https:\/\/bibellesen.jule-pape.de\/index.php?rest_route=\/wp\/v2\/posts\/3866","targetHints":{"allow":["GET"]}}],"collection":[{"href":"https:\/\/bibellesen.jule-pape.de\/index.php?rest_route=\/wp\/v2\/posts"}],"about":[{"href":"https:\/\/bibellesen.jule-pape.de\/index.php?rest_route=\/wp\/v2\/types\/post"}],"author":[{"embeddable":true,"href":"https:\/\/bibellesen.jule-pape.de\/index.php?rest_route=\/wp\/v2\/users\/2"}],"replies":[{"embeddable":true,"href":"https:\/\/bibellesen.jule-pape.de\/index.php?rest_route=%2Fwp%2Fv2%2Fcomments&post=3866"}],"version-history":[{"count":1,"href":"https:\/\/bibellesen.jule-pape.de\/index.php?rest_route=\/wp\/v2\/posts\/3866\/revisions"}],"predecessor-version":[{"id":3867,"href":"https:\/\/bibellesen.jule-pape.de\/index.php?rest_route=\/wp\/v2\/posts\/3866\/revisions\/3867"}],"wp:attachment":[{"href":"https:\/\/bibellesen.jule-pape.de\/index.php?rest_route=%2Fwp%2Fv2%2Fmedia&parent=3866"}],"wp:term":[{"taxonomy":"category","embeddable":true,"href":"https:\/\/bibellesen.jule-pape.de\/index.php?rest_route=%2Fwp%2Fv2%2Fcategories&post=3866"},{"taxonomy":"post_tag","embeddable":true,"href":"https:\/\/bibellesen.jule-pape.de\/index.php?rest_route=%2Fwp%2Fv2%2Ftags&post=3866"}],"curies":[{"name":"wp","href":"https:\/\/api.w.org\/{rel}","templated":true}]}}