
{"id":3864,"date":"2013-10-02T17:44:09","date_gmt":"2013-10-02T16:44:09","guid":{"rendered":"http:\/\/bibellesen.jule-pape.de\/?p=3864"},"modified":"2013-10-06T17:44:34","modified_gmt":"2013-10-06T16:44:34","slug":"wissen-wo-der-kampf-stattfindet","status":"publish","type":"post","link":"https:\/\/bibellesen.jule-pape.de\/?p=3864","title":{"rendered":"Wissen, wo der Kampf stattfindet"},"content":{"rendered":"<p><em style=\"font-size: 14px;\">Wir setzen die m\u00e4chtigen Waffen Gottes und keine weltlichen Waffen ein, um menschliche Gedankengeb\u00e4ude zu zerst\u00f6ren. <\/em><\/p>\n<div style=\"text-align: right; margin-bottom: 30px;\"><em style=\"font-size: 14px;\">2. Korinther 10,4 (NLB)<\/em><\/div>\n<p>&nbsp;<\/p>\n<p style=\"font-size: 14px;\">Wussten Sie, dass wir jeden Tag im Krieg sind? Wenn wir uns umschauen und all das Leid sehen, k\u00f6nnte man meinen, die K\u00e4mpfe w\u00fcrden nur im \u00e4u\u00dferlich sichtbaren Bereich stattfinden. Solch eine Annahme f\u00fchrt dazu, dass wir die weitaus wichtigere Schlacht in unseren K\u00f6pfen \u00fcbersehen und verlieren.<\/p>\n<p>Wer nicht erkennt, wo die Schlacht geschlagen wird, erkennt auch nicht, gegen wen er k\u00e4mpft. Wir glauben, andere Menschen, Geld, Religion oder \u0084das System\u0093 seien das Problem. Doch wir m\u00fcssen unser Denken erneuern. Sonst laufen wir Gefahr, diese L\u00fcgen weiter zu glauben und werden wichtige Entscheidungen auf Basis dieser T\u00e4uschungen treffen.<\/p>\n<p>Unser Verstand wird jeden Tag ununterbrochen mit nagenden Gedanken, Misstrauen, Zweifeln und \u00c4ngsten bombardiert. Diese Dinge k\u00f6nnen zwar zerst\u00f6rerisch sein und uns niedermachen, aber wenn wir an Gottes Wort festhalten, kann uns seine Wahrheit den Sieg und die Freude schenken.<\/p>\n<p>Vielleicht gibt es in Ihrem Leben noch einige Festungen des Feindes, die eingerissen werden m\u00fcssen. Ich will Ihnen Mut machen und sagen: \u0084Gott ist auf Ihrer Seite.\u0093 Wir sind im Krieg, und das Schlachtfeld ist unser Verstand. Aber die gute Nachricht ist, dass Gott auf unserer Seite k\u00e4mpft!<\/p>\n<p>Gebet: Heiliger Geist, ich will mich nicht in die Irre f\u00fchren lassen und den eigentlichen Kampf, der in meinem Verstand tobt, \u00fcbersehen. Hilf mir wachsam zu sein, damit ich den guten Kampf k\u00e4mpfen kann. Mit dir an meiner Seite werde ich nicht verlieren!<\/p>\n","protected":false},"excerpt":{"rendered":"<p>Wir setzen die m\u00e4chtigen Waffen Gottes und keine weltlichen Waffen ein, um menschliche Gedankengeb\u00e4ude zu zerst\u00f6ren. 2. Korinther 10,4 (NLB) &nbsp; Wussten Sie, dass wir jeden Tag im Krieg sind? Wenn wir uns umschauen und all das Leid sehen, k\u00f6nnte man meinen, die K\u00e4mpfe w\u00fcrden nur im \u00e4u\u00dferlich sichtbaren Bereich stattfinden. Solch eine Annahme f\u00fchrt [&hellip;]<\/p>\n","protected":false},"author":2,"featured_media":0,"comment_status":"open","ping_status":"open","sticky":false,"template":"","format":"standard","meta":{"footnotes":""},"categories":[594],"tags":[],"class_list":["post-3864","post","type-post","status-publish","format-standard","hentry","category-joyce-meyer-andacht"],"_links":{"self":[{"href":"https:\/\/bibellesen.jule-pape.de\/index.php?rest_route=\/wp\/v2\/posts\/3864","targetHints":{"allow":["GET"]}}],"collection":[{"href":"https:\/\/bibellesen.jule-pape.de\/index.php?rest_route=\/wp\/v2\/posts"}],"about":[{"href":"https:\/\/bibellesen.jule-pape.de\/index.php?rest_route=\/wp\/v2\/types\/post"}],"author":[{"embeddable":true,"href":"https:\/\/bibellesen.jule-pape.de\/index.php?rest_route=\/wp\/v2\/users\/2"}],"replies":[{"embeddable":true,"href":"https:\/\/bibellesen.jule-pape.de\/index.php?rest_route=%2Fwp%2Fv2%2Fcomments&post=3864"}],"version-history":[{"count":1,"href":"https:\/\/bibellesen.jule-pape.de\/index.php?rest_route=\/wp\/v2\/posts\/3864\/revisions"}],"predecessor-version":[{"id":3865,"href":"https:\/\/bibellesen.jule-pape.de\/index.php?rest_route=\/wp\/v2\/posts\/3864\/revisions\/3865"}],"wp:attachment":[{"href":"https:\/\/bibellesen.jule-pape.de\/index.php?rest_route=%2Fwp%2Fv2%2Fmedia&parent=3864"}],"wp:term":[{"taxonomy":"category","embeddable":true,"href":"https:\/\/bibellesen.jule-pape.de\/index.php?rest_route=%2Fwp%2Fv2%2Fcategories&post=3864"},{"taxonomy":"post_tag","embeddable":true,"href":"https:\/\/bibellesen.jule-pape.de\/index.php?rest_route=%2Fwp%2Fv2%2Ftags&post=3864"}],"curies":[{"name":"wp","href":"https:\/\/api.w.org\/{rel}","templated":true}]}}