
{"id":3856,"date":"2013-09-30T08:35:19","date_gmt":"2013-09-30T07:35:19","guid":{"rendered":"http:\/\/bibellesen.jule-pape.de\/?p=3856"},"modified":"2013-09-30T08:35:19","modified_gmt":"2013-09-30T07:35:19","slug":"wer-hat-es-geschafft-wir-oder-jehova","status":"publish","type":"post","link":"https:\/\/bibellesen.jule-pape.de\/?p=3856","title":{"rendered":"Wer hat es geschafft &#8211; wir oder Jehova?"},"content":{"rendered":"<p>ein Pastor hatte sich vorgenommen, jedes Jahr zum Erntedankfest die Bauern seiner Gemeinde zu besuchen. Als Bauer Hinnerk ihm seinen Hof zeigte, die ge\u00adf\u00fcllten Scheunen, die wohlgen\u00e4hrten Tiere und den beeindruckenden Maschinen\u00adpark, war er voller Stolz. \u00bbAber Hinnerk\u00ab, mahnte der Pastor, \u00bbvergiss nicht, wem du das zu verdanken hast: Gott hat bei alledem mitgeholfen.\u00ab \u00bbWei\u00df ich, Herr Pfarrer\u00ab, antwortete Hinnerk, \u00bbaber Sie glauben gar nicht, wie runterge\u00adkommen der Hof war, als Gott ihn noch allein bewirtschaftete.\u00ab<\/p>\n<p>Auf vieles k\u00f6nnen und d\u00fcrfen wir stolz sein! Wir haben viel geschafft! Und trotz\u00addem steht es uns gut an, dass wir immer wieder bedenken, dass es weder unser gepachtetes Gl\u00fcck, noch unsere ungeheure Schaffenskraft ist, die das Gute letz\u00adten Endes entstehen l\u00e4sst.<\/p>\n<p>Wir sind und bleiben Menschen, die Gott ins Leben ge\u00adrufen hat und die Gott am Leben erh\u00e4lt. Letzten Endes hat alles und jeder von uns seinen Ursprung und seine Zukunft in Gott. Wie sagt Paulus: \u00bbEr ist nicht ferne von einem jeden unter uns. Denn in ihm leben, weben und sind wir!\u00ab (Apo\u00adstelgeschichte 17, 27-28.)<\/p>\n<p>Ehrlich gesagt: zum vierten Geburtstag von \u00bbStunde des H\u00f6chsten\u00ab sind wir auch ein bisschen stolz! Wir haben es geschafft: vier Jahre lang Woche f\u00fcr Wo\u00adche einen Fernsehgottesdienst auf Sendung zu halten. Viel M\u00fche und Arbeit! Wir sind dankbar: f\u00fcr die vielf\u00e4ltige Frucht, den reichen Segen, den Gott dadurch wirkt. Bei uns hier in Deutschland, aber auch an unseren Schwestern und Br\u00fc\u00addern in der Schweiz, in \u00d6sterreich, ja bis nach Ungarn, Frankreich, Italien und D\u00e4nemark. Von \u00fcberall erreichen uns Zuschriften der Ermutigung und des Dan\u00adkes! Ja, auch sind wir stolz und dankbar, dass es uns gelungen ist, f\u00fcr \u00fcber 100.000 Menschen, die nicht h\u00f6ren k\u00f6nnen, durch \u00bbStunde des H\u00f6chsten\u00ab in Deutscher Geb\u00e4rdensprache, einen regelm\u00e4\u00dfigen Gottesdienst zu schaffen. Halt! Haben wir es geschafft? Oder ist es vielmehr Gott gewesen, der durch sein Wirken Tor und T\u00fcr ge\u00f6ffnet hat, damit wir die richtigen Mitstreiter zur rechten Zeit am rechten Ort gewinnen. Ja, genau \u2013 so war es!<\/p>\n","protected":false},"excerpt":{"rendered":"<p>ein Pastor hatte sich vorgenommen, jedes Jahr zum Erntedankfest die Bauern seiner Gemeinde zu besuchen. Als Bauer Hinnerk ihm seinen Hof zeigte, die ge\u00adf\u00fcllten Scheunen, die wohlgen\u00e4hrten Tiere und den beeindruckenden Maschinen\u00adpark, war er voller Stolz. \u00bbAber Hinnerk\u00ab, mahnte der Pastor, \u00bbvergiss nicht, wem du das zu verdanken hast: Gott hat bei alledem mitgeholfen.\u00ab \u00bbWei\u00df [&hellip;]<\/p>\n","protected":false},"author":2,"featured_media":0,"comment_status":"open","ping_status":"open","sticky":false,"template":"","format":"standard","meta":{"footnotes":""},"categories":[592],"tags":[],"class_list":["post-3856","post","type-post","status-publish","format-standard","hentry","category-stunde-des-hochsten"],"_links":{"self":[{"href":"https:\/\/bibellesen.jule-pape.de\/index.php?rest_route=\/wp\/v2\/posts\/3856","targetHints":{"allow":["GET"]}}],"collection":[{"href":"https:\/\/bibellesen.jule-pape.de\/index.php?rest_route=\/wp\/v2\/posts"}],"about":[{"href":"https:\/\/bibellesen.jule-pape.de\/index.php?rest_route=\/wp\/v2\/types\/post"}],"author":[{"embeddable":true,"href":"https:\/\/bibellesen.jule-pape.de\/index.php?rest_route=\/wp\/v2\/users\/2"}],"replies":[{"embeddable":true,"href":"https:\/\/bibellesen.jule-pape.de\/index.php?rest_route=%2Fwp%2Fv2%2Fcomments&post=3856"}],"version-history":[{"count":2,"href":"https:\/\/bibellesen.jule-pape.de\/index.php?rest_route=\/wp\/v2\/posts\/3856\/revisions"}],"predecessor-version":[{"id":3858,"href":"https:\/\/bibellesen.jule-pape.de\/index.php?rest_route=\/wp\/v2\/posts\/3856\/revisions\/3858"}],"wp:attachment":[{"href":"https:\/\/bibellesen.jule-pape.de\/index.php?rest_route=%2Fwp%2Fv2%2Fmedia&parent=3856"}],"wp:term":[{"taxonomy":"category","embeddable":true,"href":"https:\/\/bibellesen.jule-pape.de\/index.php?rest_route=%2Fwp%2Fv2%2Fcategories&post=3856"},{"taxonomy":"post_tag","embeddable":true,"href":"https:\/\/bibellesen.jule-pape.de\/index.php?rest_route=%2Fwp%2Fv2%2Ftags&post=3856"}],"curies":[{"name":"wp","href":"https:\/\/api.w.org\/{rel}","templated":true}]}}