
{"id":3852,"date":"2013-09-29T08:32:03","date_gmt":"2013-09-29T07:32:03","guid":{"rendered":"http:\/\/bibellesen.jule-pape.de\/?p=3852"},"modified":"2013-09-30T08:32:29","modified_gmt":"2013-09-30T07:32:29","slug":"stehen-sie-auf-und-raeumen-sie-auf","status":"publish","type":"post","link":"https:\/\/bibellesen.jule-pape.de\/?p=3852","title":{"rendered":"Stehen Sie auf und r\u00e4umen Sie auf!"},"content":{"rendered":"<p><em style=\"font-size: 14px;\">Da sagte Jesus zu ihm: \u0084Steh auf, nimm deine Matte und geh!\u0093 <\/em><\/p>\n<div style=\"text-align: right; margin-bottom: 30px;\"><em style=\"font-size: 14px;\">Johannes 5,8 (NG\u00dc) <\/em><\/div>\n<p>&nbsp;<\/p>\n<p style=\"font-size: 14px;\">In Johannes 5 wird die Geschichte eines Mannes erz\u00e4hlt, der, wie ich glaube, stellvertretend f\u00fcr viele steht, die sich nicht \u00e4ndern wollen. W\u00e4hrend eines j\u00fcdischen Festes war Jesus in Jerusalem und ging an den Teich Bethesda, wo viele Kranke lagen, die darauf hofften, gesund zu werden. Einer dieser Menschen, die auf Heilung hofften, war ein Mann, der seit 38 Jahren gel\u00e4hmt war. Als Jesus ihn sah, fragte er ihn, ob er gesund werden wolle.<\/p>\n<p>Mir zeigt die Antwort des Mannes, warum er die letzten 38 Jahre nicht geheilt wurde. Er sagte: \u0084Ich habe niemanden, der mich in den Teich tr\u00e4gt, wenn sich das Wasser bewegt.\u0093 Im Grunde wies dieser Mann jede Eigenverantwortung von sich. Sein zweites Problem war, dass er anderen die Schuld gab. Er sagte: \u0084W\u00e4hrend ich noch versuche hinzugelangen, steigt immer schon ein anderer vor mir hinein.\u0093<\/p>\n<p>Wie reagierte Jesus darauf? Jesus tat der Mann nicht leid. Stattdessen antwortete er eher streng: \u0084Steh auf, nimm deine Matte und geh!\u0093 Wenn sich in Ihrem Leben etwas ver\u00e4ndern soll, d\u00fcrfen Sie nicht das Opfer Ihrer Umst\u00e4nde sein. Sie m\u00fcssen wissen, dass Gott heute bereit ist, Ihnen zu helfen. Entschlie\u00dfen Sie sich, ihm zu vertrauen. Stehen Sie auf und jagen Sie dem Frieden, den er Ihnen gibt, aktiv nach.<\/p>\n<p>Gebet: Gott, ich will nicht das Opfer meiner Umst\u00e4nde sein. Ich will mich \u00e4ndern. Ich nehme heute deine Kraft und deine Freiheit an. Ich glaube, dass sich in meinem Leben tats\u00e4chlich etwas ver\u00e4ndern kann, wenn ich mit dir lebe.<\/p>\n","protected":false},"excerpt":{"rendered":"<p>Da sagte Jesus zu ihm: \u0084Steh auf, nimm deine Matte und geh!\u0093 Johannes 5,8 (NG\u00dc) &nbsp; In Johannes 5 wird die Geschichte eines Mannes erz\u00e4hlt, der, wie ich glaube, stellvertretend f\u00fcr viele steht, die sich nicht \u00e4ndern wollen. W\u00e4hrend eines j\u00fcdischen Festes war Jesus in Jerusalem und ging an den Teich Bethesda, wo viele Kranke [&hellip;]<\/p>\n","protected":false},"author":2,"featured_media":0,"comment_status":"open","ping_status":"open","sticky":false,"template":"","format":"standard","meta":{"footnotes":""},"categories":[594],"tags":[],"class_list":["post-3852","post","type-post","status-publish","format-standard","hentry","category-joyce-meyer-andacht"],"_links":{"self":[{"href":"https:\/\/bibellesen.jule-pape.de\/index.php?rest_route=\/wp\/v2\/posts\/3852","targetHints":{"allow":["GET"]}}],"collection":[{"href":"https:\/\/bibellesen.jule-pape.de\/index.php?rest_route=\/wp\/v2\/posts"}],"about":[{"href":"https:\/\/bibellesen.jule-pape.de\/index.php?rest_route=\/wp\/v2\/types\/post"}],"author":[{"embeddable":true,"href":"https:\/\/bibellesen.jule-pape.de\/index.php?rest_route=\/wp\/v2\/users\/2"}],"replies":[{"embeddable":true,"href":"https:\/\/bibellesen.jule-pape.de\/index.php?rest_route=%2Fwp%2Fv2%2Fcomments&post=3852"}],"version-history":[{"count":1,"href":"https:\/\/bibellesen.jule-pape.de\/index.php?rest_route=\/wp\/v2\/posts\/3852\/revisions"}],"predecessor-version":[{"id":3853,"href":"https:\/\/bibellesen.jule-pape.de\/index.php?rest_route=\/wp\/v2\/posts\/3852\/revisions\/3853"}],"wp:attachment":[{"href":"https:\/\/bibellesen.jule-pape.de\/index.php?rest_route=%2Fwp%2Fv2%2Fmedia&parent=3852"}],"wp:term":[{"taxonomy":"category","embeddable":true,"href":"https:\/\/bibellesen.jule-pape.de\/index.php?rest_route=%2Fwp%2Fv2%2Fcategories&post=3852"},{"taxonomy":"post_tag","embeddable":true,"href":"https:\/\/bibellesen.jule-pape.de\/index.php?rest_route=%2Fwp%2Fv2%2Ftags&post=3852"}],"curies":[{"name":"wp","href":"https:\/\/api.w.org\/{rel}","templated":true}]}}