
{"id":3850,"date":"2013-09-28T08:30:37","date_gmt":"2013-09-28T07:30:37","guid":{"rendered":"http:\/\/bibellesen.jule-pape.de\/?p=3850"},"modified":"2013-09-30T08:31:31","modified_gmt":"2013-09-30T07:31:31","slug":"gottes-gerechtigkeit-anziehen","status":"publish","type":"post","link":"https:\/\/bibellesen.jule-pape.de\/?p=3850","title":{"rendered":"Gottes Gerechtigkeit anziehen"},"content":{"rendered":"<p><em style=\"font-size: 14px;\">Den, der S\u00fcnde nicht kannte, hat er f\u00fcr uns zur S\u00fcnde gemacht, damit wir Gottes Gerechtigkeit w\u00fcrden in ihm.<\/em><\/p>\n<div style=\"text-align: right; margin-bottom: 30px;\"><em style=\"font-size: 14px;\">2. Korinther 5,21 (ELB)<\/em><\/div>\n<p>&nbsp;<\/p>\n<p style=\"font-size: 14px;\">Die folgenden beiden wichtigen Fragen sollten Sie sich einmal stellen: \u0084Wei\u00df ich, wer ich in Christus bin?\u0093 \u0096 \u0084Lebe ich in Gottes Gerechtigkeit?\u0093 Viel zu viele Menschen k\u00f6nnen diese beiden Fragen nicht wirklich beantworten und das hindert sie daran, in der Freiheit und dem Frieden zu leben, den Gott f\u00fcr sie bereith\u00e4lt.<\/p>\n<p>Die Bibel sagt, dass Gott in dem Moment, in dem wir Jesus Christus als unseren Retter annehmen, unsere S\u00fcnden wegnimmt und uns seine Gerechtigkeit gibt. Das ist ein Geschenk, das wir uns nicht verdienen m\u00fcssen. Aber wir m\u00fcssen sie anziehen und jedes Mal, wenn wir das tun, empfangen wir seinen Frieden.<\/p>\n<p>Wenn Sie wissen, wer Sie in Christus sind, dann werden Sie die Hindernisse dieser Welt nicht mehr st\u00f6ren. Wenn Sie wissen, dass er Sie liebt und f\u00fcr Sie gestorben ist, dann werden Sie jeden Morgen aufstehen und versuchen, Gott nach besten Kr\u00e4ften zu lieben. Und dann k\u00f6nnen Sie in der Gerechtigkeit leben, die er f\u00fcr Sie erkauft hat. Sobald Sie seine Liebe sp\u00fcren, wird Ihre nat\u00fcrliche Reaktion sein, dass Sie mit allem, was Sie haben, f\u00fcr ihn leben wollen.<\/p>\n<p>Gebet: Herr, ich will mir immer bewusst sein, wer ich in dir bin. Hilf mir, mir vor Augen zu halten, was du alles f\u00fcr mich getan hast, damit ich jeden Tag deine Gerechtigkeit anziehen kann.<\/p>\n","protected":false},"excerpt":{"rendered":"<p>Den, der S\u00fcnde nicht kannte, hat er f\u00fcr uns zur S\u00fcnde gemacht, damit wir Gottes Gerechtigkeit w\u00fcrden in ihm. 2. Korinther 5,21 (ELB) &nbsp; Die folgenden beiden wichtigen Fragen sollten Sie sich einmal stellen: \u0084Wei\u00df ich, wer ich in Christus bin?\u0093 \u0096 \u0084Lebe ich in Gottes Gerechtigkeit?\u0093 Viel zu viele Menschen k\u00f6nnen diese beiden Fragen [&hellip;]<\/p>\n","protected":false},"author":2,"featured_media":0,"comment_status":"open","ping_status":"open","sticky":false,"template":"","format":"standard","meta":{"footnotes":""},"categories":[594],"tags":[],"class_list":["post-3850","post","type-post","status-publish","format-standard","hentry","category-joyce-meyer-andacht"],"_links":{"self":[{"href":"https:\/\/bibellesen.jule-pape.de\/index.php?rest_route=\/wp\/v2\/posts\/3850","targetHints":{"allow":["GET"]}}],"collection":[{"href":"https:\/\/bibellesen.jule-pape.de\/index.php?rest_route=\/wp\/v2\/posts"}],"about":[{"href":"https:\/\/bibellesen.jule-pape.de\/index.php?rest_route=\/wp\/v2\/types\/post"}],"author":[{"embeddable":true,"href":"https:\/\/bibellesen.jule-pape.de\/index.php?rest_route=\/wp\/v2\/users\/2"}],"replies":[{"embeddable":true,"href":"https:\/\/bibellesen.jule-pape.de\/index.php?rest_route=%2Fwp%2Fv2%2Fcomments&post=3850"}],"version-history":[{"count":1,"href":"https:\/\/bibellesen.jule-pape.de\/index.php?rest_route=\/wp\/v2\/posts\/3850\/revisions"}],"predecessor-version":[{"id":3851,"href":"https:\/\/bibellesen.jule-pape.de\/index.php?rest_route=\/wp\/v2\/posts\/3850\/revisions\/3851"}],"wp:attachment":[{"href":"https:\/\/bibellesen.jule-pape.de\/index.php?rest_route=%2Fwp%2Fv2%2Fmedia&parent=3850"}],"wp:term":[{"taxonomy":"category","embeddable":true,"href":"https:\/\/bibellesen.jule-pape.de\/index.php?rest_route=%2Fwp%2Fv2%2Fcategories&post=3850"},{"taxonomy":"post_tag","embeddable":true,"href":"https:\/\/bibellesen.jule-pape.de\/index.php?rest_route=%2Fwp%2Fv2%2Ftags&post=3850"}],"curies":[{"name":"wp","href":"https:\/\/api.w.org\/{rel}","templated":true}]}}