
{"id":3840,"date":"2013-09-26T07:59:44","date_gmt":"2013-09-26T06:59:44","guid":{"rendered":"http:\/\/bibellesen.jule-pape.de\/?p=3840"},"modified":"2013-09-27T08:03:04","modified_gmt":"2013-09-27T07:03:04","slug":"der-hugenotte","status":"publish","type":"post","link":"https:\/\/bibellesen.jule-pape.de\/?p=3840","title":{"rendered":"Der Hottentotte ;-)"},"content":{"rendered":"<blockquote><p>Jesus sprach zu einigen, die auf sich selbst vertrauten, dass sie gerecht seien, und die \u00dcbrigen verachteten, dieses Gleichnis.<br \/>\nLukas 18,9<\/p><\/blockquote>\n<p><strong>Das bin ich nicht!<\/strong><\/p>\n<p>Noch zu Beginn des 19. Jahrhunderts sahen viele Wei\u00dfe ver\u00e4chtlich auf die Khoi Khoi (Hottentotten) in S\u00fcdafrika herab. Manche behaupteten sogar, sie h\u00e4tten keine Seele. Es sei daher v\u00f6llig zwecklos, ihnen das Evangelium von Christus verk\u00fcndigen zu wollen. In Wirklichkeit verhielt es sich ganz anders, wie der folgende Bericht zeigt:<\/p>\n<p>Ein gl\u00e4ubiger Holl\u00e4nder in S\u00fcdafrika, der diese selbstherrliche und menschenverachtende Ansicht nicht teilte, las seiner Familie und seinen schwarzen Arbeitern regelm\u00e4\u00dfig aus der Bibel vor. Eines Tages kam er an das Gleichnis vom Pharis\u00e4er und Z\u00f6llner im Tempel (Lukas 18,9-14). Er las: &#8222;Zwei Menschen gingen hinauf in den Tempel, um zu beten, der eine ein Pharis\u00e4er und der andere ein Z\u00f6llner.&#8220; Da fl\u00fcsterte einer seiner Arbeiter, dessen Interesse an der guten Botschaft von Jesus Christus l\u00e4ngst erwacht war, leise vor sich hin: &#8222;Oh, jetzt werde ich lernen, wie man beten soll.&#8220;<\/p>\n<p>Der Holl\u00e4nder las die Worte des Pharis\u00e4ers: &#8222;O Gott, ich danke dir, dass ich nicht bin wie die \u00dcbrigen der Menschen: R\u00e4uber, Ungerechte, Ehebrecher, oder auch wie dieser Z\u00f6llner.&#8220; &#8211; &#8222;Ach, das bin ich nicht. So kann ich nicht beten. Ich bin schlechter als diese alle!&#8220;, dachte der Hottentotte.<\/p>\n<p>&#8222;Ich faste zweimal in der Woche und verzehnte alles, was ich erwerbe.&#8220; &#8211; Auch in diesen abschlie\u00dfenden Worten des Pharis\u00e4ers konnte sich der Schwarze nicht wiederfinden. &#8222;Das tue ich nicht. Auf diese Weise kann ich also nicht beten! Was soll ich nur tun?&#8220;, begann er sich traurig zu fragen. (Schluss morgen)<\/p>\n","protected":false},"excerpt":{"rendered":"<p>Jesus sprach zu einigen, die auf sich selbst vertrauten, dass sie gerecht seien, und die \u00dcbrigen verachteten, dieses Gleichnis. Lukas 18,9 Das bin ich nicht! Noch zu Beginn des 19. Jahrhunderts sahen viele Wei\u00dfe ver\u00e4chtlich auf die Khoi Khoi (Hottentotten) in S\u00fcdafrika herab. Manche behaupteten sogar, sie h\u00e4tten keine Seele. Es sei daher v\u00f6llig zwecklos, [&hellip;]<\/p>\n","protected":false},"author":2,"featured_media":0,"comment_status":"open","ping_status":"open","sticky":false,"template":"","format":"standard","meta":{"footnotes":""},"categories":[596],"tags":[],"class_list":["post-3840","post","type-post","status-publish","format-standard","hentry","category-vdhs"],"_links":{"self":[{"href":"https:\/\/bibellesen.jule-pape.de\/index.php?rest_route=\/wp\/v2\/posts\/3840","targetHints":{"allow":["GET"]}}],"collection":[{"href":"https:\/\/bibellesen.jule-pape.de\/index.php?rest_route=\/wp\/v2\/posts"}],"about":[{"href":"https:\/\/bibellesen.jule-pape.de\/index.php?rest_route=\/wp\/v2\/types\/post"}],"author":[{"embeddable":true,"href":"https:\/\/bibellesen.jule-pape.de\/index.php?rest_route=\/wp\/v2\/users\/2"}],"replies":[{"embeddable":true,"href":"https:\/\/bibellesen.jule-pape.de\/index.php?rest_route=%2Fwp%2Fv2%2Fcomments&post=3840"}],"version-history":[{"count":3,"href":"https:\/\/bibellesen.jule-pape.de\/index.php?rest_route=\/wp\/v2\/posts\/3840\/revisions"}],"predecessor-version":[{"id":3843,"href":"https:\/\/bibellesen.jule-pape.de\/index.php?rest_route=\/wp\/v2\/posts\/3840\/revisions\/3843"}],"wp:attachment":[{"href":"https:\/\/bibellesen.jule-pape.de\/index.php?rest_route=%2Fwp%2Fv2%2Fmedia&parent=3840"}],"wp:term":[{"taxonomy":"category","embeddable":true,"href":"https:\/\/bibellesen.jule-pape.de\/index.php?rest_route=%2Fwp%2Fv2%2Fcategories&post=3840"},{"taxonomy":"post_tag","embeddable":true,"href":"https:\/\/bibellesen.jule-pape.de\/index.php?rest_route=%2Fwp%2Fv2%2Ftags&post=3840"}],"curies":[{"name":"wp","href":"https:\/\/api.w.org\/{rel}","templated":true}]}}