
{"id":3818,"date":"2013-09-23T10:36:41","date_gmt":"2013-09-23T09:36:41","guid":{"rendered":"http:\/\/bibellesen.jule-pape.de\/?p=3818"},"modified":"2013-09-24T10:38:28","modified_gmt":"2013-09-24T09:38:28","slug":"keine-angst-mehr-vor-der-richterlichen-entscheidung","status":"publish","type":"post","link":"https:\/\/bibellesen.jule-pape.de\/?p=3818","title":{"rendered":"keine Angst mehr vor der &#8222;richterlichen Entscheidung&#8220;"},"content":{"rendered":"<blockquote><p><strong>F\u00fcr jede Sache gibt es eine Zeit und eine richterliche Entscheidung.<\/strong><br \/>\n<strong> Prediger 8,6<\/strong><\/p><\/blockquote>\n<p>Wenn ein Kandidat eine Pr\u00fcfung ablegt, sind zwei Tage wichtig: der Tag der Pr\u00fcfung und der, an dem er das Ergebnis erf\u00e4hrt. Die Lebenszeit, die Gott jedem auf der Erde gew\u00e4hrt, entspricht dem ersten dieser Tage, aber der Tag des Urteils wird unweigerlich folgen.<\/p>\n<p>Noch ist es nicht so weit. Wie verbringt der Mensch nun sein Leben, diese entscheidende &#8222;Testzeit&#8220;? &#8211; &#8222;Weil das Urteil \u00fcber b\u00f6se Taten nicht schnell vollzogen wird, darum ist das Herz der Menschenkinder in ihnen voll, B\u00f6ses zu tun&#8220; (Prediger 8,11). So ist das richterliche Ergebnis jetzt schon klar: schuldig, Pr\u00fcfung nicht bestanden! Was ist da zu tun?<\/p>\n<p>Das Predigerbuch sagt im gleichen Kapitel: &#8222;Ich wei\u00df, dass es denen, die Gott f\u00fcrchten, wohlergehen wird, weil sie sich vor ihm f\u00fcrchten&#8220; (V. 12).<\/p>\n<p>Auch der Gottesf\u00fcrchtige war schuldig. Aber f\u00fcr seine Schuld stand ein anderer im Gericht: Jesus Christus, der Sohn Gottes. W\u00e4hrend der drei finsteren Stunden des Kreuzes trug Er das Gericht Gottes f\u00fcr fremde Schuld.<\/p>\n<p>Jeder S\u00fcnder, der in Reue wegen seiner S\u00fcnden zu Gott umkehrt, darf nun erfahren: Der Herr Jesus Christus starb f\u00fcr mich. Darum muss der gl\u00e4ubige Christ keine Angst mehr haben vor der &#8222;richterlichen Entscheidung&#8220;. Ihm wurde alles vergeben. Er ist sogar gerechtfertigt, das hei\u00dft, er steht vor Gott, wie wenn er nicht ges\u00fcndigt h\u00e4tte. Das ist g\u00f6ttliche Gnade!<\/p>\n<p>&#8222;Da wir nun gerechtfertigt worden sind aus Glauben, so haben wir Frieden mit Gott durch unseren Herrn Jesus Christus, durch den wir mittels des Glaubens auch den Zugang haben zu dieser Gnade, in der wir stehen.&#8220; R\u00f6mer 5,1.2<\/p>\n","protected":false},"excerpt":{"rendered":"<p>F\u00fcr jede Sache gibt es eine Zeit und eine richterliche Entscheidung. Prediger 8,6 Wenn ein Kandidat eine Pr\u00fcfung ablegt, sind zwei Tage wichtig: der Tag der Pr\u00fcfung und der, an dem er das Ergebnis erf\u00e4hrt. Die Lebenszeit, die Gott jedem auf der Erde gew\u00e4hrt, entspricht dem ersten dieser Tage, aber der Tag des Urteils wird [&hellip;]<\/p>\n","protected":false},"author":2,"featured_media":0,"comment_status":"open","ping_status":"open","sticky":false,"template":"","format":"standard","meta":{"footnotes":""},"categories":[596],"tags":[],"class_list":["post-3818","post","type-post","status-publish","format-standard","hentry","category-vdhs"],"_links":{"self":[{"href":"https:\/\/bibellesen.jule-pape.de\/index.php?rest_route=\/wp\/v2\/posts\/3818","targetHints":{"allow":["GET"]}}],"collection":[{"href":"https:\/\/bibellesen.jule-pape.de\/index.php?rest_route=\/wp\/v2\/posts"}],"about":[{"href":"https:\/\/bibellesen.jule-pape.de\/index.php?rest_route=\/wp\/v2\/types\/post"}],"author":[{"embeddable":true,"href":"https:\/\/bibellesen.jule-pape.de\/index.php?rest_route=\/wp\/v2\/users\/2"}],"replies":[{"embeddable":true,"href":"https:\/\/bibellesen.jule-pape.de\/index.php?rest_route=%2Fwp%2Fv2%2Fcomments&post=3818"}],"version-history":[{"count":2,"href":"https:\/\/bibellesen.jule-pape.de\/index.php?rest_route=\/wp\/v2\/posts\/3818\/revisions"}],"predecessor-version":[{"id":3821,"href":"https:\/\/bibellesen.jule-pape.de\/index.php?rest_route=\/wp\/v2\/posts\/3818\/revisions\/3821"}],"wp:attachment":[{"href":"https:\/\/bibellesen.jule-pape.de\/index.php?rest_route=%2Fwp%2Fv2%2Fmedia&parent=3818"}],"wp:term":[{"taxonomy":"category","embeddable":true,"href":"https:\/\/bibellesen.jule-pape.de\/index.php?rest_route=%2Fwp%2Fv2%2Fcategories&post=3818"},{"taxonomy":"post_tag","embeddable":true,"href":"https:\/\/bibellesen.jule-pape.de\/index.php?rest_route=%2Fwp%2Fv2%2Ftags&post=3818"}],"curies":[{"name":"wp","href":"https:\/\/api.w.org\/{rel}","templated":true}]}}