
{"id":3801,"date":"2013-09-21T09:05:26","date_gmt":"2013-09-21T08:05:26","guid":{"rendered":"http:\/\/bibellesen.jule-pape.de\/?p=3801"},"modified":"2013-09-22T09:09:12","modified_gmt":"2013-09-22T08:09:12","slug":"religioes-oder-wirklich-gottesfuerchtig","status":"publish","type":"post","link":"https:\/\/bibellesen.jule-pape.de\/?p=3801","title":{"rendered":"Religi\u00f6s oder wirklich Gottesf\u00fcrchtig?"},"content":{"rendered":"<blockquote><p>Und Saul sprach: Ich habe ges\u00fcndigt! Nun ehre mich doch vor den \u00c4ltesten meines Volkes und vor Israel, und kehre mit mir um, dass ich vor dem Herrn, deinem Gott, anbete.<br \/>\n1. Samuel 15,30<\/p><\/blockquote>\n<p>Das Volk Israel wollte einen K\u00f6nig haben, genauso wie die Nachbarv\u00f6lker. Damit brachte es aber zum Ausdruck, dass es in Gott nicht mehr den eigentlichen K\u00f6nig sah. Das konnte Gott nicht guthei\u00dfen; aber Er lie\u00df sich auf den Wunsch des Volkes ein und gab ihnen Saul zum K\u00f6nig. Dieser Mann war so richtig nach den Vorstellungen der Israeliten: jung, sch\u00f6n und von imposanter Gr\u00f6\u00dfe.<\/p>\n<p>Und er war auch religi\u00f6s! Aber religi\u00f6s sein und wirklich gottesf\u00fcrchtig sein, das sind zwei ganz verschiedene Dinge. Zur Gottesfurcht geh\u00f6rt n\u00e4mlich auch, Gottes Willen zu tun, Ihm tats\u00e4chlich zu gehorchen. Und das war bei Saul der wunde Punkt.<\/p>\n<p>Doch Gott gibt ihm eine Chance &#8211; wie Er jedem Menschen eine Chance gibt, auch heute noch. Saul musste eine Probe bestehen. Er sollte sieben Tage warten, bis Samuel kommen w\u00fcrde, um mit ihm zu opfern; und dann sollte er die Amalekiter, die Erzfeinde Israels, besiegen und sie nicht schonen.<\/p>\n<p>Bestand Saul diese Probe, war er Gott wirklich gehorsam? Leider nein! Wohl hatte er ganz faule Ausreden vorzubringen (nachzulesen in 1. Samuel 13,8-15; 15,10-23). Aber Gott l\u00e4sst sich nichts vormachen. Der Prophet Samuel musste Saul verk\u00fcndigen: &#8222;Weil du das Wort des Herrn verworfen hast, so hat er dich verworfen, dass du nicht mehr K\u00f6nig sein sollst.&#8220; Das war hart; das war eine Blamage vor dem ganzen Volk; das musste Saul unbedingt r\u00fcckg\u00e4ngig machen. So rang er sich zu den Worten durch: &#8222;Ich habe ges\u00fcndigt!&#8220; Aber ein S\u00fcndenbekenntnis, das nur der eigenen Ehrenrettung dient, hat vor Gott nicht den geringsten Wert!<\/p>\n","protected":false},"excerpt":{"rendered":"<p>Und Saul sprach: Ich habe ges\u00fcndigt! Nun ehre mich doch vor den \u00c4ltesten meines Volkes und vor Israel, und kehre mit mir um, dass ich vor dem Herrn, deinem Gott, anbete. 1. Samuel 15,30 Das Volk Israel wollte einen K\u00f6nig haben, genauso wie die Nachbarv\u00f6lker. Damit brachte es aber zum Ausdruck, dass es in Gott [&hellip;]<\/p>\n","protected":false},"author":2,"featured_media":0,"comment_status":"open","ping_status":"open","sticky":false,"template":"","format":"standard","meta":{"footnotes":""},"categories":[596],"tags":[],"class_list":["post-3801","post","type-post","status-publish","format-standard","hentry","category-vdhs"],"_links":{"self":[{"href":"https:\/\/bibellesen.jule-pape.de\/index.php?rest_route=\/wp\/v2\/posts\/3801","targetHints":{"allow":["GET"]}}],"collection":[{"href":"https:\/\/bibellesen.jule-pape.de\/index.php?rest_route=\/wp\/v2\/posts"}],"about":[{"href":"https:\/\/bibellesen.jule-pape.de\/index.php?rest_route=\/wp\/v2\/types\/post"}],"author":[{"embeddable":true,"href":"https:\/\/bibellesen.jule-pape.de\/index.php?rest_route=\/wp\/v2\/users\/2"}],"replies":[{"embeddable":true,"href":"https:\/\/bibellesen.jule-pape.de\/index.php?rest_route=%2Fwp%2Fv2%2Fcomments&post=3801"}],"version-history":[{"count":3,"href":"https:\/\/bibellesen.jule-pape.de\/index.php?rest_route=\/wp\/v2\/posts\/3801\/revisions"}],"predecessor-version":[{"id":3806,"href":"https:\/\/bibellesen.jule-pape.de\/index.php?rest_route=\/wp\/v2\/posts\/3801\/revisions\/3806"}],"wp:attachment":[{"href":"https:\/\/bibellesen.jule-pape.de\/index.php?rest_route=%2Fwp%2Fv2%2Fmedia&parent=3801"}],"wp:term":[{"taxonomy":"category","embeddable":true,"href":"https:\/\/bibellesen.jule-pape.de\/index.php?rest_route=%2Fwp%2Fv2%2Fcategories&post=3801"},{"taxonomy":"post_tag","embeddable":true,"href":"https:\/\/bibellesen.jule-pape.de\/index.php?rest_route=%2Fwp%2Fv2%2Ftags&post=3801"}],"curies":[{"name":"wp","href":"https:\/\/api.w.org\/{rel}","templated":true}]}}