
{"id":3794,"date":"2013-09-20T09:01:30","date_gmt":"2013-09-20T08:01:30","guid":{"rendered":"http:\/\/bibellesen.jule-pape.de\/?p=3794"},"modified":"2013-09-22T09:01:57","modified_gmt":"2013-09-22T08:01:57","slug":"hat-gott-polyester-oder-jeansstoff-lieber","status":"publish","type":"post","link":"https:\/\/bibellesen.jule-pape.de\/?p=3794","title":{"rendered":"Hat Gott Polyester oder Jeansstoff lieber?"},"content":{"rendered":"<p><em style=\"font-size: 14px;\">Doch der Herr sagte zu ihm: \u0084Lass dich von seinem Aussehen und von seiner Gr\u00f6\u00dfe nicht beeindrucken. Er ist es nicht. Denn ich urteile nach anderen Ma\u00dfst\u00e4ben als die Menschen. F\u00fcr die Menschen ist wichtig, was sie mit den Augen wahrnehmen k\u00f6nnen; ich dagegen schaue jedem Menschen ins Herz.\u0093<\/em><\/p>\n<div style=\"text-align: right; margin-bottom: 30px;\"><em style=\"font-size: 14px;\">1. Samuel 16,7 (HFA)<\/em><\/div>\n<p>&nbsp;<\/p>\n<p style=\"font-size: 14px;\">Ich habe mir oft ein Urteil erlaubt \u00fcber die Art und Weise, wie sich andere angezogen haben. Vor Kurzem noch glaubte ich, dass es unangebracht f\u00fcr mich sei, bei einer Konferenz auf der B\u00fchne eine Jeans zu tragen. Aber mein Sohn sagte: \u0084Glaubst du wirklich, dass Gott Polyester mehr segnet als Jeansstoff?\u0093<\/p>\n<p>Ich habe eine schockierende Bemerkung wie diese gebraucht, um zu begreifen, dass ich mich nur an meine eigene religi\u00f6se Auffassung klammerte, w\u00e4hrend Gott wollte, dass ich mich etwas zeitgem\u00e4\u00dfer kleidete, um mehr Menschen anzusprechen.<\/p>\n<p>Nat\u00fcrlich ist es gut, sich h\u00fcbsch anzuziehen, wenn man in die Kirche geht. Aber im Grunde sollten wir uns nicht so sehr auf unser \u00e4u\u00dferes Erscheinungsbild konzentrieren und dabei das Wesentliche aus den Augen verlieren: eine enge, pers\u00f6nliche Beziehung zu Gott.<\/p>\n<p>Gott will einfach nur Gemeinschaft mit uns haben und das hei\u00dft, den ganzen Tag mit ihm reden, so wie mit engen Freunden oder Familienmitgliedern. Ihm ist unsere \u00e4u\u00dfere Erscheinung nicht wichtig &#8230; nur unsere Beziehung zu ihm. Verbringen Sie Zeit mit ihm und seien Sie dankbar f\u00fcr das, was er in Ihrem Leben getan hat und noch tun wird. Pflegen Sie eine echte Beziehung zu ihm.<\/p>\n<p>Gebet: Gott, hilf mir, deine Einstellung zur \u00e4u\u00dferen Erscheinung zu \u00fcbernehmen. Hilf mir, andere nicht zu verurteilen, wenn sie sich nicht so anziehen, wie ich denke, dass sie es tun sollten, und hilf mir, eine starke Beziehung zu dir aufzubauen.<\/p>\n","protected":false},"excerpt":{"rendered":"<p>Doch der Herr sagte zu ihm: \u0084Lass dich von seinem Aussehen und von seiner Gr\u00f6\u00dfe nicht beeindrucken. Er ist es nicht. Denn ich urteile nach anderen Ma\u00dfst\u00e4ben als die Menschen. F\u00fcr die Menschen ist wichtig, was sie mit den Augen wahrnehmen k\u00f6nnen; ich dagegen schaue jedem Menschen ins Herz.\u0093 1. Samuel 16,7 (HFA) &nbsp; Ich [&hellip;]<\/p>\n","protected":false},"author":2,"featured_media":0,"comment_status":"open","ping_status":"open","sticky":false,"template":"","format":"standard","meta":{"footnotes":""},"categories":[594],"tags":[],"class_list":["post-3794","post","type-post","status-publish","format-standard","hentry","category-joyce-meyer-andacht"],"_links":{"self":[{"href":"https:\/\/bibellesen.jule-pape.de\/index.php?rest_route=\/wp\/v2\/posts\/3794","targetHints":{"allow":["GET"]}}],"collection":[{"href":"https:\/\/bibellesen.jule-pape.de\/index.php?rest_route=\/wp\/v2\/posts"}],"about":[{"href":"https:\/\/bibellesen.jule-pape.de\/index.php?rest_route=\/wp\/v2\/types\/post"}],"author":[{"embeddable":true,"href":"https:\/\/bibellesen.jule-pape.de\/index.php?rest_route=\/wp\/v2\/users\/2"}],"replies":[{"embeddable":true,"href":"https:\/\/bibellesen.jule-pape.de\/index.php?rest_route=%2Fwp%2Fv2%2Fcomments&post=3794"}],"version-history":[{"count":1,"href":"https:\/\/bibellesen.jule-pape.de\/index.php?rest_route=\/wp\/v2\/posts\/3794\/revisions"}],"predecessor-version":[{"id":3795,"href":"https:\/\/bibellesen.jule-pape.de\/index.php?rest_route=\/wp\/v2\/posts\/3794\/revisions\/3795"}],"wp:attachment":[{"href":"https:\/\/bibellesen.jule-pape.de\/index.php?rest_route=%2Fwp%2Fv2%2Fmedia&parent=3794"}],"wp:term":[{"taxonomy":"category","embeddable":true,"href":"https:\/\/bibellesen.jule-pape.de\/index.php?rest_route=%2Fwp%2Fv2%2Fcategories&post=3794"},{"taxonomy":"post_tag","embeddable":true,"href":"https:\/\/bibellesen.jule-pape.de\/index.php?rest_route=%2Fwp%2Fv2%2Ftags&post=3794"}],"curies":[{"name":"wp","href":"https:\/\/api.w.org\/{rel}","templated":true}]}}