
{"id":3792,"date":"2013-08-19T07:09:18","date_gmt":"2013-08-19T06:09:18","guid":{"rendered":"http:\/\/bibellesen.jule-pape.de\/?p=3792"},"modified":"2013-09-19T07:10:49","modified_gmt":"2013-09-19T06:10:49","slug":"schreiben-wir-in-den-sand","status":"publish","type":"post","link":"https:\/\/bibellesen.jule-pape.de\/?p=3792","title":{"rendered":"Schreiben wir in den Sand?"},"content":{"rendered":"<p>Nun m\u00f6chte ich Ihnen in die Sommer- und Urlaubszeit folgende Geschichte mit auf den Weg gegen:<\/p>\n<p>Zwei Freunde wanderten durch die W\u00fcste. Irgendwann auf ihrer Reise fingen die zwei Freunde an zu streiten und der eine Freund gab dem anderen eine Ohrfeige. Der Freund, von der Ohrfeige zutiefst verletzt, sagte nichts dazu und schrieb nur in den Sand: \u00bbHeute hat mir mein Freund eine Ohrfeige gegeben.\u00ab Sie gingen weiter, bis sie schlie\u00dflich zu einer Oase kamen, in der sie baden wollten. Der zuvor schon Geohrfeigte w\u00e4re dabei fast ertrunken, h\u00e4tte sein Freund ihn nicht gerettet. Als er sich schlie\u00dflich wieder erholt hatte, gravierte er in einen Stein: \u00bbHeute hat mir mein Freund das Leben gerettet.\u00ab Der andere wunderte sich und fragte: \u00bbWarum hast du in den Sand geschrieben, als ich dich geschlagen habe, und nun schreibst du auf einen Stein?\u00ab Der Freund l\u00e4chelte und antwortete: \u00bbWenn ein Freund uns verletzt, sollten wir es in den Sand schreiben, wo der Wind der Vergebung es wieder ausl\u00f6schen kann. Aber wenn uns etwas wirklich Sch\u00f6nes widerf\u00e4hrt, dann sollten wir es in einen Stein gravieren, in die Erinnerung des Herzens, von wo es nicht mehr verschwinden kann.\u00ab<\/p>\n<p>Auch Jesus hat in den Sand geschrieben. Die Vergehen der Ehebrecherin (Johannes 8). Damit der heilende, g\u00f6ttliche Geist der Vergebung dar\u00fcber weht. Denn Gott l\u00f6scht unsere Schuld. Was f\u00fcr eine Wohltat f\u00fcr Leib und Seele! Lassen sie uns anfangen, in den Sand zu schreiben und den Geist der Vers\u00f6hnung dar\u00fcber wehen zu lassen! Und in Stein zu mei\u00dfeln, was uns Gutes widerfahren ist!<\/p>\n<p>Gott segne Sie auf besondere Weise und setze Sie zum Segen f\u00fcr viele!<\/p>\n<p>Ihr Pfarrer Heiko Br\u00e4uning<br \/>\nund das SdH-Team<\/p>\n","protected":false},"excerpt":{"rendered":"<p>Nun m\u00f6chte ich Ihnen in die Sommer- und Urlaubszeit folgende Geschichte mit auf den Weg gegen: Zwei Freunde wanderten durch die W\u00fcste. Irgendwann auf ihrer Reise fingen die zwei Freunde an zu streiten und der eine Freund gab dem anderen eine Ohrfeige. Der Freund, von der Ohrfeige zutiefst verletzt, sagte nichts dazu und schrieb nur [&hellip;]<\/p>\n","protected":false},"author":2,"featured_media":0,"comment_status":"open","ping_status":"open","sticky":false,"template":"","format":"standard","meta":{"footnotes":""},"categories":[592],"tags":[],"class_list":["post-3792","post","type-post","status-publish","format-standard","hentry","category-stunde-des-hochsten"],"_links":{"self":[{"href":"https:\/\/bibellesen.jule-pape.de\/index.php?rest_route=\/wp\/v2\/posts\/3792","targetHints":{"allow":["GET"]}}],"collection":[{"href":"https:\/\/bibellesen.jule-pape.de\/index.php?rest_route=\/wp\/v2\/posts"}],"about":[{"href":"https:\/\/bibellesen.jule-pape.de\/index.php?rest_route=\/wp\/v2\/types\/post"}],"author":[{"embeddable":true,"href":"https:\/\/bibellesen.jule-pape.de\/index.php?rest_route=\/wp\/v2\/users\/2"}],"replies":[{"embeddable":true,"href":"https:\/\/bibellesen.jule-pape.de\/index.php?rest_route=%2Fwp%2Fv2%2Fcomments&post=3792"}],"version-history":[{"count":1,"href":"https:\/\/bibellesen.jule-pape.de\/index.php?rest_route=\/wp\/v2\/posts\/3792\/revisions"}],"predecessor-version":[{"id":3793,"href":"https:\/\/bibellesen.jule-pape.de\/index.php?rest_route=\/wp\/v2\/posts\/3792\/revisions\/3793"}],"wp:attachment":[{"href":"https:\/\/bibellesen.jule-pape.de\/index.php?rest_route=%2Fwp%2Fv2%2Fmedia&parent=3792"}],"wp:term":[{"taxonomy":"category","embeddable":true,"href":"https:\/\/bibellesen.jule-pape.de\/index.php?rest_route=%2Fwp%2Fv2%2Fcategories&post=3792"},{"taxonomy":"post_tag","embeddable":true,"href":"https:\/\/bibellesen.jule-pape.de\/index.php?rest_route=%2Fwp%2Fv2%2Ftags&post=3792"}],"curies":[{"name":"wp","href":"https:\/\/api.w.org\/{rel}","templated":true}]}}