
{"id":3786,"date":"2013-09-19T07:00:46","date_gmt":"2013-09-19T06:00:46","guid":{"rendered":"http:\/\/bibellesen.jule-pape.de\/?p=3786"},"modified":"2013-09-19T07:00:46","modified_gmt":"2013-09-19T06:00:46","slug":"nehmen-wir-uns-zeit-gottes-wort-zu-kosten","status":"publish","type":"post","link":"https:\/\/bibellesen.jule-pape.de\/?p=3786","title":{"rendered":"nehmen wir uns Zeit, Gottes Wort zu &#8222;kosten&#8220;?"},"content":{"rendered":"<blockquote><p>\u00d6ffne meine Augen, damit ich Wunder schaue in deinem Gesetz!<br \/>\nPsalm 119,18<\/p><\/blockquote>\n<p>In einem Tal Norditaliens kam ein Wanderprediger an einem gepflegten Obstgarten vorbei. Es ergab sich eine Unterhaltung mit dem Eigent\u00fcmer \u00fcber die nat\u00fcrlichen und die geistlichen Bed\u00fcrfnisse des Menschen. Am Ende bot er ihm eine Bibel an und bat ihn, darin zu lesen.<\/p>\n<p>&#8222;Sie behaupten, dass dieses Buch das Wort Gottes ist&#8220;, meinte der Bauer. &#8222;Aber welchen Beweis gibt es daf\u00fcr?&#8220;<br \/>\nDer Evangelist ging nicht direkt auf die Frage ein, sondern wandte sich dem Obstgarten zu. Er wies auf die sch\u00f6nen, zum Teil schon reifen Fr\u00fcchte. &#8211; &#8222;Diese Birnen sehen pr\u00e4chtig aus, ich frage mich nur, ob sie auch wirklich von guter Qualit\u00e4t sind.&#8220;<br \/>\n&#8222;Wie bitte?&#8220;, reagierte der Bauer ein wenig gekr\u00e4nkt, &#8222;Sie haben die Birnen ja nicht einmal probiert! Nehmen Sie doch ein oder zwei, und probieren Sie!&#8220;<\/p>\n<p>Der Prediger kostete, und dann lobte er: &#8222;Ja, Ihre Birnen sind ausgezeichnet. Aber sehen Sie, Sie blicken genauso zweifelnd auf mein Buch, wie ich auf Ihre Birnen geschaut habe. Lesen Sie die Bibel, dann werden Sie erkennen, dass sie tats\u00e4chlich das gute Wort Gottes ist.&#8220;<\/p>\n<p>Viele haben ein fertiges Urteil \u00fcber die Bibel, obwohl sie nur Teile davon \u00fcberflogen haben oder sich damit begn\u00fcgen, B\u00fccher \u00fcber die Bibel zu lesen. Doch wer sich die Zeit nimmt, Gottes Wort selbst zu &#8222;kosten&#8220; und dar\u00fcber nachzudenken, steht vor wertvollen Entdeckungen:<\/p>\n<ul>\n<li>Durch die Bibel k\u00f6nnen wir Gott und seinen Sohn Jesus Christus erkennen.<\/li>\n<li>Gott selbst redet durch sein Wort zu uns.<\/li>\n<li>Er spricht unser Gewissen an.<\/li>\n<li>Er deckt die tiefen Bed\u00fcrfnisse unseres Herzens auf und bietet uns sein Heil an.<\/li>\n<\/ul>\n","protected":false},"excerpt":{"rendered":"<p>\u00d6ffne meine Augen, damit ich Wunder schaue in deinem Gesetz! Psalm 119,18 In einem Tal Norditaliens kam ein Wanderprediger an einem gepflegten Obstgarten vorbei. Es ergab sich eine Unterhaltung mit dem Eigent\u00fcmer \u00fcber die nat\u00fcrlichen und die geistlichen Bed\u00fcrfnisse des Menschen. Am Ende bot er ihm eine Bibel an und bat ihn, darin zu lesen. [&hellip;]<\/p>\n","protected":false},"author":2,"featured_media":0,"comment_status":"open","ping_status":"open","sticky":false,"template":"","format":"standard","meta":{"footnotes":""},"categories":[596],"tags":[],"class_list":["post-3786","post","type-post","status-publish","format-standard","hentry","category-vdhs"],"_links":{"self":[{"href":"https:\/\/bibellesen.jule-pape.de\/index.php?rest_route=\/wp\/v2\/posts\/3786","targetHints":{"allow":["GET"]}}],"collection":[{"href":"https:\/\/bibellesen.jule-pape.de\/index.php?rest_route=\/wp\/v2\/posts"}],"about":[{"href":"https:\/\/bibellesen.jule-pape.de\/index.php?rest_route=\/wp\/v2\/types\/post"}],"author":[{"embeddable":true,"href":"https:\/\/bibellesen.jule-pape.de\/index.php?rest_route=\/wp\/v2\/users\/2"}],"replies":[{"embeddable":true,"href":"https:\/\/bibellesen.jule-pape.de\/index.php?rest_route=%2Fwp%2Fv2%2Fcomments&post=3786"}],"version-history":[{"count":1,"href":"https:\/\/bibellesen.jule-pape.de\/index.php?rest_route=\/wp\/v2\/posts\/3786\/revisions"}],"predecessor-version":[{"id":3787,"href":"https:\/\/bibellesen.jule-pape.de\/index.php?rest_route=\/wp\/v2\/posts\/3786\/revisions\/3787"}],"wp:attachment":[{"href":"https:\/\/bibellesen.jule-pape.de\/index.php?rest_route=%2Fwp%2Fv2%2Fmedia&parent=3786"}],"wp:term":[{"taxonomy":"category","embeddable":true,"href":"https:\/\/bibellesen.jule-pape.de\/index.php?rest_route=%2Fwp%2Fv2%2Fcategories&post=3786"},{"taxonomy":"post_tag","embeddable":true,"href":"https:\/\/bibellesen.jule-pape.de\/index.php?rest_route=%2Fwp%2Fv2%2Ftags&post=3786"}],"curies":[{"name":"wp","href":"https:\/\/api.w.org\/{rel}","templated":true}]}}