
{"id":3772,"date":"2013-09-18T08:21:34","date_gmt":"2013-09-18T07:21:34","guid":{"rendered":"http:\/\/bibellesen.jule-pape.de\/?p=3772"},"modified":"2013-09-18T08:22:11","modified_gmt":"2013-09-18T07:22:11","slug":"passt-ihr-inneres-zu-ihrem-aeusseren","status":"publish","type":"post","link":"https:\/\/bibellesen.jule-pape.de\/?p=3772","title":{"rendered":"Passt Ihr Inneres zu Ihrem \u00c4u\u00dferen?"},"content":{"rendered":"<p><em style=\"font-size: 14px;\">Man kann auch nicht sagen: Seht, hier ist es!, oder: Dort ist es! Denn: Das Reich Gottes ist (schon) mitten unter euch. <\/em><\/p>\n<div style=\"text-align: right; margin-bottom: 30px;\"><em style=\"font-size: 14px;\">Lukas 17,21 (EU)<\/em><\/div>\n<p style=\"font-size: 14px;\">\u00a0Manchmal w\u00fcnschen wir uns, dass sich etwas ver\u00e4ndert und besser wird, sind aber nicht bereit, uns daf\u00fcr einzusetzen. Ich habe mich immer \u00fcber meine Lebensumst\u00e4nde ge\u00e4rgert. Ich wollte, dass Gott sie ver\u00e4ndert, und ich wollte, dass er die Menschen um mich herum ver\u00e4ndert. Aber dann zeigte er mir, dass ich mich in meinem Inneren \u00e4ndern musste, bevor ich \u00e4u\u00dfere Ver\u00e4nderungen erwarten konnte.<\/p>\n<p>In Matth\u00e4us 6,33 (NLB) hei\u00dft es: \u0084Wenn ihr f\u00fcr ihn lebt und das Reich Gottes zu eurem wichtigsten Anliegen macht, wird er euch jeden Tag geben, was ihr braucht.\u0093 Was ist Gottes Reich? Die Bibel sagt, dass Gottes Reich in uns ist. Wenn Sie Jesus angenommen haben, hei\u00dft das, dass er in Ihnen lebt \u0096 und er will in einem sch\u00f6nen geistlichen Zuhause wohnen. Deshalb ist Gott Ihr Inneres so wichtig.<\/p>\n<p>Wir sollen zuerst nach seinem Reich trachten, indem wir seinem Heiligen Geist in uns die Herrschaft \u00fcberlassen. Wenn wir es zulassen, dass er in uns wirkt, wird das letztlich nicht in uns bleiben, sondern aus uns herausflie\u00dfen und die Welt um uns herum ver\u00e4ndern.<\/p>\n<p>Gebet: Heiliger Geist, hilf mir, dass ich mich nicht darin verstricke, meine \u00e4u\u00dferen Umst\u00e4nde \u00e4ndern zu wollen, w\u00e4hrend du willst, dass ich nach deinem Reich in mir trachte. Ich bitte dich, arbeite an meinem Inneren.<\/p>\n<p>&nbsp;<\/p>\n","protected":false},"excerpt":{"rendered":"<p>Man kann auch nicht sagen: Seht, hier ist es!, oder: Dort ist es! Denn: Das Reich Gottes ist (schon) mitten unter euch. Lukas 17,21 (EU) \u00a0Manchmal w\u00fcnschen wir uns, dass sich etwas ver\u00e4ndert und besser wird, sind aber nicht bereit, uns daf\u00fcr einzusetzen. Ich habe mich immer \u00fcber meine Lebensumst\u00e4nde ge\u00e4rgert. Ich wollte, dass Gott [&hellip;]<\/p>\n","protected":false},"author":2,"featured_media":0,"comment_status":"open","ping_status":"open","sticky":false,"template":"","format":"standard","meta":{"footnotes":""},"categories":[594],"tags":[],"class_list":["post-3772","post","type-post","status-publish","format-standard","hentry","category-joyce-meyer-andacht"],"_links":{"self":[{"href":"https:\/\/bibellesen.jule-pape.de\/index.php?rest_route=\/wp\/v2\/posts\/3772","targetHints":{"allow":["GET"]}}],"collection":[{"href":"https:\/\/bibellesen.jule-pape.de\/index.php?rest_route=\/wp\/v2\/posts"}],"about":[{"href":"https:\/\/bibellesen.jule-pape.de\/index.php?rest_route=\/wp\/v2\/types\/post"}],"author":[{"embeddable":true,"href":"https:\/\/bibellesen.jule-pape.de\/index.php?rest_route=\/wp\/v2\/users\/2"}],"replies":[{"embeddable":true,"href":"https:\/\/bibellesen.jule-pape.de\/index.php?rest_route=%2Fwp%2Fv2%2Fcomments&post=3772"}],"version-history":[{"count":2,"href":"https:\/\/bibellesen.jule-pape.de\/index.php?rest_route=\/wp\/v2\/posts\/3772\/revisions"}],"predecessor-version":[{"id":3774,"href":"https:\/\/bibellesen.jule-pape.de\/index.php?rest_route=\/wp\/v2\/posts\/3772\/revisions\/3774"}],"wp:attachment":[{"href":"https:\/\/bibellesen.jule-pape.de\/index.php?rest_route=%2Fwp%2Fv2%2Fmedia&parent=3772"}],"wp:term":[{"taxonomy":"category","embeddable":true,"href":"https:\/\/bibellesen.jule-pape.de\/index.php?rest_route=%2Fwp%2Fv2%2Fcategories&post=3772"},{"taxonomy":"post_tag","embeddable":true,"href":"https:\/\/bibellesen.jule-pape.de\/index.php?rest_route=%2Fwp%2Fv2%2Ftags&post=3772"}],"curies":[{"name":"wp","href":"https:\/\/api.w.org\/{rel}","templated":true}]}}