
{"id":3770,"date":"2013-09-17T08:18:31","date_gmt":"2013-09-17T07:18:31","guid":{"rendered":"http:\/\/bibellesen.jule-pape.de\/?p=3770"},"modified":"2013-09-18T08:20:26","modified_gmt":"2013-09-18T07:20:26","slug":"am-ziel-vorbei-gelebt","status":"publish","type":"post","link":"https:\/\/bibellesen.jule-pape.de\/?p=3770","title":{"rendered":"am Ziel vorbei gelebt"},"content":{"rendered":"<blockquote><p>Der Mensch &#8211; wie Gras sind seine Tage; wie die Blume des Feldes, so bl\u00fcht er. Denn ein Wind f\u00e4hrt dar\u00fcber, und sie ist nicht mehr, und ihre St\u00e4tte kennt sie nicht mehr. Die G\u00fcte des Herrn aber ist von Ewigkeit zu Ewigkeit \u00fcber denen, die ihn f\u00fcrchten.<br \/>\nPsalm 103,15-17<\/p><\/blockquote>\n<p>Jesus Christus hat einmal ein kurzes Gleichnis \u00fcber zeitliche und ewige G\u00fcter erz\u00e4hlt: Ein Landwirt hat Erfolg, seine Felder tragen viel ein. Deshalb rei\u00dft er seine Lagerhallen nieder und baut neue, gr\u00f6\u00dfere. Seine Gedanken kreisen nur um seinen Besitz und um das gute Leben, das ihm dadurch erm\u00f6glicht wird. Aber dann sagt Gott zu ihm: &#8222;Du Tor! &#8230;&#8220; (Lukas 12,16-21).<\/p>\n<p>Was will Jesus uns mit diesem Gleichnis veranschaulichen? Ist unternehmerischer Erfolg etwa verwerflich? An anderer Stelle wird doch gelobt, wer mit seinen Pfunden wuchert und andere dazugewinnt. Nein, den Schl\u00fcssel zum Verst\u00e4ndnis liefert das Wort &#8222;Tor&#8220;, mit dem Gott den Landwirt bezeichnet. Dieser Mann hat am Ziel vorbei gelebt, weil er \u00fcber den materiellen Dingen Gott vergessen hatte. &#8211; Aber jetzt w\u00fcrde er in die Ewigkeit abgerufen werden.<\/p>\n<p>Vielleicht sind wir einer Begegnung mit Gott bisher ausgewichen. Dann sollte dieses Gleichnis die Frage in uns aufwerfen: &#8222;Was f\u00fcllt mein Herz aus? Was hindert mich daran, &#8222;reich zu sein in Bezug auf Gott&#8220;? (V. 21). Die Hindernisse m\u00f6gen von ganz unterschiedlicher Natur sein. Manche Leute k\u00f6nnen z. B. abendf\u00fcllend die Vorz\u00fcge ihrer Wohnungseinrichtung beschreiben. Aber es m\u00fcssen nicht so banal materialistische Dinge sein. Auch sch\u00f6ngeistige Interessen k\u00f6nnen den Gedanken an Gott und an die Ewigkeit weit in den Hintergrund dr\u00e4ngen.<\/p>\n<p>Dieses Gleichnis ruft uns dazu auf, das Unsichtbare und Ewige dem Zeitlichen und Einstweiligen vorzuziehen. Das Erfreuliche ist &#8211; und darauf weisen unsere Tagesverse hin -, dass die ewigen G\u00fcter ihren Wert niemals verlieren. <\/p>\n","protected":false},"excerpt":{"rendered":"<p>Der Mensch &#8211; wie Gras sind seine Tage; wie die Blume des Feldes, so bl\u00fcht er. Denn ein Wind f\u00e4hrt dar\u00fcber, und sie ist nicht mehr, und ihre St\u00e4tte kennt sie nicht mehr. Die G\u00fcte des Herrn aber ist von Ewigkeit zu Ewigkeit \u00fcber denen, die ihn f\u00fcrchten. Psalm 103,15-17 Jesus Christus hat einmal ein [&hellip;]<\/p>\n","protected":false},"author":2,"featured_media":0,"comment_status":"open","ping_status":"open","sticky":false,"template":"","format":"standard","meta":{"footnotes":""},"categories":[596],"tags":[],"class_list":["post-3770","post","type-post","status-publish","format-standard","hentry","category-vdhs"],"_links":{"self":[{"href":"https:\/\/bibellesen.jule-pape.de\/index.php?rest_route=\/wp\/v2\/posts\/3770","targetHints":{"allow":["GET"]}}],"collection":[{"href":"https:\/\/bibellesen.jule-pape.de\/index.php?rest_route=\/wp\/v2\/posts"}],"about":[{"href":"https:\/\/bibellesen.jule-pape.de\/index.php?rest_route=\/wp\/v2\/types\/post"}],"author":[{"embeddable":true,"href":"https:\/\/bibellesen.jule-pape.de\/index.php?rest_route=\/wp\/v2\/users\/2"}],"replies":[{"embeddable":true,"href":"https:\/\/bibellesen.jule-pape.de\/index.php?rest_route=%2Fwp%2Fv2%2Fcomments&post=3770"}],"version-history":[{"count":1,"href":"https:\/\/bibellesen.jule-pape.de\/index.php?rest_route=\/wp\/v2\/posts\/3770\/revisions"}],"predecessor-version":[{"id":3771,"href":"https:\/\/bibellesen.jule-pape.de\/index.php?rest_route=\/wp\/v2\/posts\/3770\/revisions\/3771"}],"wp:attachment":[{"href":"https:\/\/bibellesen.jule-pape.de\/index.php?rest_route=%2Fwp%2Fv2%2Fmedia&parent=3770"}],"wp:term":[{"taxonomy":"category","embeddable":true,"href":"https:\/\/bibellesen.jule-pape.de\/index.php?rest_route=%2Fwp%2Fv2%2Fcategories&post=3770"},{"taxonomy":"post_tag","embeddable":true,"href":"https:\/\/bibellesen.jule-pape.de\/index.php?rest_route=%2Fwp%2Fv2%2Ftags&post=3770"}],"curies":[{"name":"wp","href":"https:\/\/api.w.org\/{rel}","templated":true}]}}