
{"id":3757,"date":"2013-09-16T07:51:08","date_gmt":"2013-09-16T06:51:08","guid":{"rendered":"http:\/\/bibellesen.jule-pape.de\/?p=3757"},"modified":"2013-09-16T07:53:03","modified_gmt":"2013-09-16T06:53:03","slug":"3757","status":"publish","type":"post","link":"https:\/\/bibellesen.jule-pape.de\/?p=3757","title":{"rendered":"wie k\u00f6nnen wir geistig wachsen?"},"content":{"rendered":"<blockquote><p><strong><em>Gl\u00fcckselig der Mann, der &#8230; seine Lust hat am Gesetz des Herrn!<\/em><br \/>\nPsalm 1,1-3<\/strong><\/p><\/blockquote>\n<p>Jeder wei\u00df, dass f\u00fcr das Wachstum eines Baumes die Wurzeln von entscheidender Bedeutung sind. Sie ziehen die Bestandteile aus der Erde, die f\u00fcr das pflanzliche Leben unentbehrlich sind, wie Wasser, mineralische Salze und organische Substanzen. Zusammen mit anderen Stoffen, die aus der Luft aufgenommen werden, bilden sie seine Fasern, sein Gewebe.<\/p>\n<p>Was man sieht, ist nur das Ergebnis dieses unsichtbaren Vorgangs. Die St\u00e4rke des Baumes, seine Bl\u00fcten und Fr\u00fcchte lassen den Reichtum des Bodens und das gute Arbeiten des Wurzelwerks erkennen.<\/p>\n<p>Ebenso ist es bei dem Menschen: Was er liest, womit er sich vergn\u00fcgt, sein Umgang, seine Freizeitbesch\u00e4ftigung, das alles ist vergleichbar mit der Nahrung, die der Baum aufnimmt. All das hat einen gro\u00dfen Einfluss auf sein Verhalten und Denken. Jeder von uns hat zu w\u00e4hlen, in was f\u00fcr einen &#8222;Boden&#8220; wir unsere &#8222;Wurzeln&#8220; senken, um unseren Geist und unsere Empfindungen damit zu n\u00e4hren.<\/p>\n<p>Der gl\u00e4ubige Christ kann nur dann innerlich wachsen, wenn er seine Nahrung aus dem fruchtbaren Boden sch\u00f6pft, den das Wort Gottes ihm darbietet. Dort wird er die Unterweisung und die Verhei\u00dfungen finden, die ihn bef\u00e4higen, den St\u00fcrmen des Lebens mit Zuversicht zu trotzen. Aber er muss sie in der Bibel aufsuchen und sich aneignen. Wenn er das regelm\u00e4\u00dfig und mit Ausdauer tut, wird er jenem &#8222;bl\u00fchenden Baum&#8220; gleichen, der noch im Alter voller Kraft ist, um das Lob Gottes zu verk\u00fcnden (Psalm 92,14-16).<\/p>\n","protected":false},"excerpt":{"rendered":"<p>Gl\u00fcckselig der Mann, der &#8230; seine Lust hat am Gesetz des Herrn! Psalm 1,1-3 Jeder wei\u00df, dass f\u00fcr das Wachstum eines Baumes die Wurzeln von entscheidender Bedeutung sind. Sie ziehen die Bestandteile aus der Erde, die f\u00fcr das pflanzliche Leben unentbehrlich sind, wie Wasser, mineralische Salze und organische Substanzen. Zusammen mit anderen Stoffen, die aus [&hellip;]<\/p>\n","protected":false},"author":2,"featured_media":0,"comment_status":"open","ping_status":"open","sticky":false,"template":"","format":"standard","meta":{"footnotes":""},"categories":[596],"tags":[],"class_list":["post-3757","post","type-post","status-publish","format-standard","hentry","category-vdhs"],"_links":{"self":[{"href":"https:\/\/bibellesen.jule-pape.de\/index.php?rest_route=\/wp\/v2\/posts\/3757","targetHints":{"allow":["GET"]}}],"collection":[{"href":"https:\/\/bibellesen.jule-pape.de\/index.php?rest_route=\/wp\/v2\/posts"}],"about":[{"href":"https:\/\/bibellesen.jule-pape.de\/index.php?rest_route=\/wp\/v2\/types\/post"}],"author":[{"embeddable":true,"href":"https:\/\/bibellesen.jule-pape.de\/index.php?rest_route=\/wp\/v2\/users\/2"}],"replies":[{"embeddable":true,"href":"https:\/\/bibellesen.jule-pape.de\/index.php?rest_route=%2Fwp%2Fv2%2Fcomments&post=3757"}],"version-history":[{"count":3,"href":"https:\/\/bibellesen.jule-pape.de\/index.php?rest_route=\/wp\/v2\/posts\/3757\/revisions"}],"predecessor-version":[{"id":3760,"href":"https:\/\/bibellesen.jule-pape.de\/index.php?rest_route=\/wp\/v2\/posts\/3757\/revisions\/3760"}],"wp:attachment":[{"href":"https:\/\/bibellesen.jule-pape.de\/index.php?rest_route=%2Fwp%2Fv2%2Fmedia&parent=3757"}],"wp:term":[{"taxonomy":"category","embeddable":true,"href":"https:\/\/bibellesen.jule-pape.de\/index.php?rest_route=%2Fwp%2Fv2%2Fcategories&post=3757"},{"taxonomy":"post_tag","embeddable":true,"href":"https:\/\/bibellesen.jule-pape.de\/index.php?rest_route=%2Fwp%2Fv2%2Ftags&post=3757"}],"curies":[{"name":"wp","href":"https:\/\/api.w.org\/{rel}","templated":true}]}}