
{"id":3743,"date":"2013-09-13T14:14:42","date_gmt":"2013-09-13T13:14:42","guid":{"rendered":"http:\/\/bibellesen.jule-pape.de\/?p=3743"},"modified":"2013-09-15T14:15:15","modified_gmt":"2013-09-15T13:15:15","slug":"beten-sie-gott-in-ihrem-gefaengnis-an","status":"publish","type":"post","link":"https:\/\/bibellesen.jule-pape.de\/?p=3743","title":{"rendered":"Beten Sie Gott in Ihrem Gef\u00e4ngnis an"},"content":{"rendered":"<p><em>Es war gegen Mitternacht, als Paulus und Silas beteten und Gott mit Lobliedern priesen. Die anderen Gefangenen h\u00f6rten zu. Pl\u00f6tzlich bebte die Erde so heftig, dass selbst die Grundmauern des Gef\u00e4ngnisses ersch\u00fcttert wurden. Gleichzeitig sprangen alle T\u00fcren auf und von allen Gefangenen fielen die Ketten ab. <\/em><\/p>\n<div><em>Apostelgeschichte 16,25-26 (Ne\u00dc)<\/em><\/div>\n<p>Manchmal stecken wir in einer so schlimmen Situation, dass wir uns nicht vorstellen k\u00f6nnen, wie wir das auch nur eine Minute l\u00e4nger aushalten sollen. Aber wir m\u00fcssen Gott mit schlichtem Glauben vertrauen und auf sein Eingreifen warten. Und dann handelt Gott ganz pl\u00f6tzlich, wie wir es uns nie ertr\u00e4umt h\u00e4tten!<\/p>\n<p>Paulus und Silas verstanden etwas vom Warten und machten das gut. In Apostelgeschichte 16 wird erz\u00e4hlt, wie sie von der Menge angegriffen, geschlagen und ins Gef\u00e4ngnis geworfen wurden. In Vers 24 hei\u00dft es, dass der Gef\u00e4ngnisw\u00e4rter sie ins innerste Gef\u00e4ngnis (das Verlies) sperrte und ihre F\u00fc\u00dfe noch in den Stock schloss. Paulus und Silas schien das nicht zu k\u00fcmmern \u0096 sie entschieden sich, ein paar Lieder zu singen und Gott anzubeten. Sie warteten auf Gottes Eingreifen.<\/p>\n<p>Pl\u00f6tzlich schickte Gott ein Erdbeben, durch das die Gef\u00e4ngnist\u00fcren aufgingen und ihre Fesseln abfielen. Er befreite sie! Wenn Menschen mitten in den schlimmsten Situationen geduldig und voller Erwartung auf Gottes Eingreifen warten, bricht er pl\u00f6tzlich in ihr Leben hinein. Geben Sie also nicht auf! H\u00f6ren Sie nicht auf zu glauben! Bleiben Sie voller Hoffnung und Erwartung. Gottes Kraft kennt keine Grenzen und er wird auch in Ihr Leben hereinbrechen.<\/p>\n<p>Gebet: Gott, ganz gleich wie schlimm die Lage ist, ich will dich in meinem Gef\u00e4ngnis loben. Ich wei\u00df, dass du mich pl\u00f6tzlich daraus befreien und genau im richtigen Moment eingreifen wirst.<\/p>\n","protected":false},"excerpt":{"rendered":"<p>Es war gegen Mitternacht, als Paulus und Silas beteten und Gott mit Lobliedern priesen. Die anderen Gefangenen h\u00f6rten zu. Pl\u00f6tzlich bebte die Erde so heftig, dass selbst die Grundmauern des Gef\u00e4ngnisses ersch\u00fcttert wurden. Gleichzeitig sprangen alle T\u00fcren auf und von allen Gefangenen fielen die Ketten ab. Apostelgeschichte 16,25-26 (Ne\u00dc) Manchmal stecken wir in einer so [&hellip;]<\/p>\n","protected":false},"author":2,"featured_media":0,"comment_status":"open","ping_status":"open","sticky":false,"template":"","format":"standard","meta":{"footnotes":""},"categories":[594],"tags":[],"class_list":["post-3743","post","type-post","status-publish","format-standard","hentry","category-joyce-meyer-andacht"],"_links":{"self":[{"href":"https:\/\/bibellesen.jule-pape.de\/index.php?rest_route=\/wp\/v2\/posts\/3743","targetHints":{"allow":["GET"]}}],"collection":[{"href":"https:\/\/bibellesen.jule-pape.de\/index.php?rest_route=\/wp\/v2\/posts"}],"about":[{"href":"https:\/\/bibellesen.jule-pape.de\/index.php?rest_route=\/wp\/v2\/types\/post"}],"author":[{"embeddable":true,"href":"https:\/\/bibellesen.jule-pape.de\/index.php?rest_route=\/wp\/v2\/users\/2"}],"replies":[{"embeddable":true,"href":"https:\/\/bibellesen.jule-pape.de\/index.php?rest_route=%2Fwp%2Fv2%2Fcomments&post=3743"}],"version-history":[{"count":1,"href":"https:\/\/bibellesen.jule-pape.de\/index.php?rest_route=\/wp\/v2\/posts\/3743\/revisions"}],"predecessor-version":[{"id":3744,"href":"https:\/\/bibellesen.jule-pape.de\/index.php?rest_route=\/wp\/v2\/posts\/3743\/revisions\/3744"}],"wp:attachment":[{"href":"https:\/\/bibellesen.jule-pape.de\/index.php?rest_route=%2Fwp%2Fv2%2Fmedia&parent=3743"}],"wp:term":[{"taxonomy":"category","embeddable":true,"href":"https:\/\/bibellesen.jule-pape.de\/index.php?rest_route=%2Fwp%2Fv2%2Fcategories&post=3743"},{"taxonomy":"post_tag","embeddable":true,"href":"https:\/\/bibellesen.jule-pape.de\/index.php?rest_route=%2Fwp%2Fv2%2Ftags&post=3743"}],"curies":[{"name":"wp","href":"https:\/\/api.w.org\/{rel}","templated":true}]}}