
{"id":3705,"date":"2013-09-10T08:45:44","date_gmt":"2013-09-10T07:45:44","guid":{"rendered":"http:\/\/bibellesen.jule-pape.de\/?p=3705"},"modified":"2013-09-11T12:03:48","modified_gmt":"2013-09-11T11:03:48","slug":"die-kinder-beschuetzen","status":"publish","type":"post","link":"https:\/\/bibellesen.jule-pape.de\/?p=3705","title":{"rendered":"Die Kinder besch\u00fctzen"},"content":{"rendered":"<div style=\"text-align: left;\">\n<p>Unser Text f\u00fcr heute ist <b>Matth\u00e4us 18,1-6:<\/b><\/p>\n<p><b><em>\u201eIn jener Stunde traten die J\u00fcnger zu Jesus und sprachen: Wer ist der Gr\u00f6\u00dfte im Reich der Himmel? Und als Jesus ein Kind herbeigerufen hatte, stellte er es in ihre Mitte und sprach: Wahrlich, ich sage euch, wenn ihr nicht umkehrt und werdet wie die Kinder, so werdet ihr keinesfalls in das Reich der Himmel hineinkommen. Darum, wenn jemand sich selbst erniedrigen wird wie dieses Kind, der ist der Gr\u00f6\u00dfte im Reich der Himmel; und wenn jemand ein solches Kind aufnehmen wird in meinem Namen, nimmt er mich auf. Wenn aber jemand einem dieser Kleinen, die an mich glauben, Anlass zur S\u00fcnde gibt, f\u00fcr den w\u00e4re es besser, dass ein M\u00fchlstein an seinen Hals geh\u00e4ngt und er in die Tiefe des Meeres versenkt w\u00fcrde.\u201c<\/em><\/b><\/p>\n<p>Dies ist eine wichtige Wahrheit, und Gott will, dass Sie und ich sie verstehen. Er nimmt den Schutz von Kindern und die F\u00fcrsorge f\u00fcr Kinder sehr ernst.<\/p>\n<p>Erstens ist es wichtig zu verstehen, dass das Wort <em>S\u00fcnde<\/em> in diesem Vers \u201eeine Falle stellen\u201c bedeutet. Es bedeutet, jemandem einen Fallstrick \u00fcber den Weg zu spannen. Jesus sprach hier von Menschen, die absichtlich ein unschuldiges Kind dazu verf\u00fchren, etwas Falsches zu tun.<\/p>\n<p>Zweitens hatte ein M\u00fchlstein wie der, von dem hier die Rede ist, fast eineinhalb Meter Durchmesser, und man brauchte einen Ochsen oder Esel, um ihn zu drehen. Haben Sie das Bild vor Augen? Es ist besser, einen solchen M\u00fchlstein um den Hals gebunden zu bekommen und in den Tiefen des Meeres ertr\u00e4nkt zu werden, als ein Kind dazu zu verf\u00fchren, Falsches zu tun.<\/p>\n<p>Die Ausnutzung oder der Missbrauch von Kindern wird von Gott nicht \u00fcbersehen oder leicht genommen. Wir lesen in der Bibel, dass einige S\u00fcnden ein schlimmeres Gericht vom allm\u00e4chtigen Gott zur Folge haben als andere. Kinder zur S\u00fcnde verf\u00fchren, ist eines der schlimmsten Dinge. Nutzen Sie nie ein Kind aus, und nehmen Sie es nie auf die leichte Schulter, wenn Kinder ausgenutzt werden.<\/p>\n<\/div>\n","protected":false},"excerpt":{"rendered":"<p>Unser Text f\u00fcr heute ist Matth\u00e4us 18,1-6: \u201eIn jener Stunde traten die J\u00fcnger zu Jesus und sprachen: Wer ist der Gr\u00f6\u00dfte im Reich der Himmel? Und als Jesus ein Kind herbeigerufen hatte, stellte er es in ihre Mitte und sprach: Wahrlich, ich sage euch, wenn ihr nicht umkehrt und werdet wie die Kinder, so werdet [&hellip;]<\/p>\n","protected":false},"author":2,"featured_media":0,"comment_status":"open","ping_status":"open","sticky":false,"template":"","format":"standard","meta":{"footnotes":""},"categories":[579],"tags":[],"class_list":["post-3705","post","type-post","status-publish","format-standard","hentry","category-email-andacht"],"_links":{"self":[{"href":"https:\/\/bibellesen.jule-pape.de\/index.php?rest_route=\/wp\/v2\/posts\/3705","targetHints":{"allow":["GET"]}}],"collection":[{"href":"https:\/\/bibellesen.jule-pape.de\/index.php?rest_route=\/wp\/v2\/posts"}],"about":[{"href":"https:\/\/bibellesen.jule-pape.de\/index.php?rest_route=\/wp\/v2\/types\/post"}],"author":[{"embeddable":true,"href":"https:\/\/bibellesen.jule-pape.de\/index.php?rest_route=\/wp\/v2\/users\/2"}],"replies":[{"embeddable":true,"href":"https:\/\/bibellesen.jule-pape.de\/index.php?rest_route=%2Fwp%2Fv2%2Fcomments&post=3705"}],"version-history":[{"count":2,"href":"https:\/\/bibellesen.jule-pape.de\/index.php?rest_route=\/wp\/v2\/posts\/3705\/revisions"}],"predecessor-version":[{"id":3712,"href":"https:\/\/bibellesen.jule-pape.de\/index.php?rest_route=\/wp\/v2\/posts\/3705\/revisions\/3712"}],"wp:attachment":[{"href":"https:\/\/bibellesen.jule-pape.de\/index.php?rest_route=%2Fwp%2Fv2%2Fmedia&parent=3705"}],"wp:term":[{"taxonomy":"category","embeddable":true,"href":"https:\/\/bibellesen.jule-pape.de\/index.php?rest_route=%2Fwp%2Fv2%2Fcategories&post=3705"},{"taxonomy":"post_tag","embeddable":true,"href":"https:\/\/bibellesen.jule-pape.de\/index.php?rest_route=%2Fwp%2Fv2%2Ftags&post=3705"}],"curies":[{"name":"wp","href":"https:\/\/api.w.org\/{rel}","templated":true}]}}