
{"id":3662,"date":"2013-08-22T10:42:05","date_gmt":"2013-08-22T09:42:05","guid":{"rendered":"http:\/\/bibellesen.jule-pape.de\/?p=3662"},"modified":"2013-08-22T10:44:23","modified_gmt":"2013-08-22T09:44:23","slug":"johannes-wird-geboren","status":"publish","type":"post","link":"https:\/\/bibellesen.jule-pape.de\/?p=3662","title":{"rendered":"Johannes wird geboren"},"content":{"rendered":"<p><strong>Johannes wird geboren<\/strong><\/p>\n<p>57 F\u00fcr Elisabeth kam die Stunde der Geburt, und sie brachte einen Sohn zur Welt. 58 Als Nachbarn und Verwandte h\u00f6rten, dass Gott so barmherzig zu ihr gewesen war, freuten sie sich mit ihr.<\/p>\n<p>59 Nach acht Tagen wurde das Kind zur Beschneidung gebracht. Dabei sollte es nach seinem Vater Zacharias genannt werden. 60 Doch Elisabeth widersprach: \u00bbNein, er soll Johannes hei\u00dfen!\u00ab 61 \u00bbAber keiner in deiner Verwandtschaft hei\u00dft so!\u00ab, wandten die anderen ein. 62 Sie winkten dem Vater und fragten ihn: \u00bbWie soll dein Sohn hei\u00dfen?\u00ab 63 Zacharias lie\u00df sich eine Tafel geben und schrieb darauf: \u00bbSein Name ist Johannes.\u00ab Dar\u00fcber wunderten sich alle. 64 Im selben Augenblick konnte Zacharias wieder sprechen, und er lobte Gott.<\/p>\n<p>65 Im ganzen Bergland von Jud\u00e4a verbreitete sich die Nachricht. Und \u00fcberall, wo man davon h\u00f6rte, erschraken die Leute. 66 Nachdenklich fragten sie sich: \u00bbWas wird aus diesem Kind noch werden?\u00ab Denn alle sahen, dass Gott etwas Besonderes mit ihm vorhatte.<br \/>\n<strong><br \/>\nZacharias sieht den Auftrag des Johannes voraus<\/strong><\/p>\n<p>67 Erf\u00fcllt vom Heiligen Geist, verk\u00fcndete Zacharias, der Vater von Johannes, was Gott ihm eingegeben hatte:<\/p>\n<p>68 \u00bbGelobt sei der Herr, der Gott Israels! Er ist zu unserem Volk gekommen und hat es befreit.69 Aus dem K\u00f6nigshaus seines Dieners Davidhat er uns den starken Retter geschickt.<br \/>\n70 So hatten es seine heiligen Propheten schon vor langer Zeit verk\u00fcndet:<\/p>\n<p>71 Er wird uns von unseren Feinden errettenund aus der Hand aller Menschen, die uns hassen. 72 Gott war mit unseren Vorfahren barmherzig. Er vergisst seinen heiligen Bund nicht, 73 den Eid, den er unserem Vater Abraham geschworen hat und der auch uns gilt.<\/p>\n<p>74-75 Er befreit uns aus der Hand unserer Feinde,damit wir ihm ohne Furcht unser Leben lang dienen, als Menschen, die ihm geh\u00f6ren und nach seinem Willen leben.<\/p>\n<p>76 Und dich, mein Sohn, wird man einen Propheten des H\u00f6chsten nennen.Du wirst vor dem Herrn hergehen und sein Kommen vorbereiten. 77 Seinem Volk wirst du zeigen, dass es durch die Vergebung seiner S\u00fcnden gerettet wird.<\/p>\n<p>78 Gott vergibt uns, weil seine Barmherzigkeit so gro\u00df ist. Aus der H\u00f6he kommt sein Licht zu uns. 79 Dieses Licht wird allen Menschen leuchten, die in Nacht und Todesfurcht leben; es wird uns auf den Weg des Friedens f\u00fchren.\u00ab<\/p>\n<p>80 Johannes wuchs heran und wurde zu einem verst\u00e4ndigen und klugen Mann. Er zog sich in die Einsamkeit der W\u00fcste zur\u00fcck bis zu dem Tag, an dem er \u00f6ffentlich vor dem Volk Israel auftrat.<\/p>\n<p>(Hoffnung f\u00fcr Alle)<\/p>\n","protected":false},"excerpt":{"rendered":"<p>Johannes wird geboren 57 F\u00fcr Elisabeth kam die Stunde der Geburt, und sie brachte einen Sohn zur Welt. 58 Als Nachbarn und Verwandte h\u00f6rten, dass Gott so barmherzig zu ihr gewesen war, freuten sie sich mit ihr. 59 Nach acht Tagen wurde das Kind zur Beschneidung gebracht. Dabei sollte es nach seinem Vater Zacharias genannt [&hellip;]<\/p>\n","protected":false},"author":2,"featured_media":0,"comment_status":"open","ping_status":"open","sticky":false,"template":"","format":"standard","meta":{"footnotes":""},"categories":[589],"tags":[],"class_list":["post-3662","post","type-post","status-publish","format-standard","hentry","category-bibelkreis"],"_links":{"self":[{"href":"https:\/\/bibellesen.jule-pape.de\/index.php?rest_route=\/wp\/v2\/posts\/3662","targetHints":{"allow":["GET"]}}],"collection":[{"href":"https:\/\/bibellesen.jule-pape.de\/index.php?rest_route=\/wp\/v2\/posts"}],"about":[{"href":"https:\/\/bibellesen.jule-pape.de\/index.php?rest_route=\/wp\/v2\/types\/post"}],"author":[{"embeddable":true,"href":"https:\/\/bibellesen.jule-pape.de\/index.php?rest_route=\/wp\/v2\/users\/2"}],"replies":[{"embeddable":true,"href":"https:\/\/bibellesen.jule-pape.de\/index.php?rest_route=%2Fwp%2Fv2%2Fcomments&post=3662"}],"version-history":[{"count":3,"href":"https:\/\/bibellesen.jule-pape.de\/index.php?rest_route=\/wp\/v2\/posts\/3662\/revisions"}],"predecessor-version":[{"id":3665,"href":"https:\/\/bibellesen.jule-pape.de\/index.php?rest_route=\/wp\/v2\/posts\/3662\/revisions\/3665"}],"wp:attachment":[{"href":"https:\/\/bibellesen.jule-pape.de\/index.php?rest_route=%2Fwp%2Fv2%2Fmedia&parent=3662"}],"wp:term":[{"taxonomy":"category","embeddable":true,"href":"https:\/\/bibellesen.jule-pape.de\/index.php?rest_route=%2Fwp%2Fv2%2Fcategories&post=3662"},{"taxonomy":"post_tag","embeddable":true,"href":"https:\/\/bibellesen.jule-pape.de\/index.php?rest_route=%2Fwp%2Fv2%2Ftags&post=3662"}],"curies":[{"name":"wp","href":"https:\/\/api.w.org\/{rel}","templated":true}]}}