
{"id":3653,"date":"2013-08-09T08:08:13","date_gmt":"2013-08-09T07:08:13","guid":{"rendered":"http:\/\/bibellesen.jule-pape.de\/?p=3653"},"modified":"2013-08-12T08:09:22","modified_gmt":"2013-08-12T07:09:22","slug":"wir-sind-jetzt-schon-stolz-auf-dich","status":"publish","type":"post","link":"https:\/\/bibellesen.jule-pape.de\/?p=3653","title":{"rendered":"Wir sind jetzt schon stolz auf dich!"},"content":{"rendered":"<p><em>Befiehl dem Herrn deine Wege und hoffe auf ihn, er wird&#8217;s wohlmachen.<\/em><br \/>\n<em>(Psalm 37,5)<\/em><\/p>\n<div id=\"headlines_content\">\nLiebe Zuschauerinnen, liebe Zuschauer,<\/p>\n<p>ein Satz hing mir noch lange nach. Und er half, dass das Herzklopfen etwas weniger wurde. Die Fragezeichen aber blieben: Werde ich das schaffen, so ganz allein? Werde ich an alles denken? Und was, wenn nicht?<\/p>\n<p><b>\u201eWir sind jetzt schon stolz auf dich.\u201c<\/b> Das war der Satz, den ein Kollege zu mir sagte. \u201eAllein, dass du f\u00e4hrst, das ist schon mutig!\u201c, meinte er.<\/p>\n<p>Es war der erste Dreh, den ich ganz allein machen durfte. An was man beim Filmen alles denken muss: Bild-<br \/>\nausschnitt, Licht, Band, Wei\u00dfabgleich, Sch\u00e4rfe, Blende, Gain, Ton &#8230; und vor allem: auf den Recordknopf dr\u00fccken nicht vergessen!<\/p>\n<p>Das war spannend. Ich sollte nach Halle fahren und Interviews f\u00fcr eine Dokumentation \u00fcber den Theologen August Hermann Francke f\u00fchren. Er hat zu Beginn des 18. Jahrhunderts dort gewirkt und ein Waisenhaus und mehrere Schulen errichtet.<\/p>\n<p>Der Kollege bei Bibel TV meinte, ich sei mutig. Aber was ist denn Mut? Wahrscheinlich kein Gef\u00fchl. Sicherlich ist es normal, dass man Angst hat, wenn man etwas zum ersten Mal macht. Da ist es gut, dass es einen Herrn gibt, dem man es getrost abgeben kann. Dann kann man mutig sein. Was Mut ist? <b>Mut ist, wenn man Angst hat und dennoch losgeht.<\/b><\/p>\n<p>Jedes Mal, wenn ich trotz Herzklopfen gegangen bin, hab ich erlebt, wie Gott seinen Segen dazugibt. Die Interviews haben soweit geklappt. Zumindest habe ich bei jedem Mal auf den Recordknopf gedr\u00fcckt \ud83d\ude42<\/p>\n<p>Wie die Interviewaufnahmen genau geworden sind, davon k\u00f6nnen Sie sich jetzt selbst ein Bild machen. Die Dokumentation \u00fcber August Hermann Francke l\u00e4uft heute Abend (09.08.) um 22:00 Uhr.<\/p>\n<p>Auch dort wird Mut vorkommen. Francke war noch viel mutiger als jemand, der Fernsehinterviews dreht.<\/p><\/div>\n<div><\/div>\n<div><strong>Gebetsanliegen f\u00fcr die kommende Woche:<\/strong><\/div>\n<p>Bitte beten Sie mit mir f\u00fcr all die Christen, die in dieser Welt besonders Mut haben m\u00fcssen, um das Evangelium zu verbreiten.<\/p>\n","protected":false},"excerpt":{"rendered":"<p>Befiehl dem Herrn deine Wege und hoffe auf ihn, er wird&#8217;s wohlmachen. (Psalm 37,5) Liebe Zuschauerinnen, liebe Zuschauer, ein Satz hing mir noch lange nach. Und er half, dass das Herzklopfen etwas weniger wurde. Die Fragezeichen aber blieben: Werde ich das schaffen, so ganz allein? Werde ich an alles denken? Und was, wenn nicht? \u201eWir [&hellip;]<\/p>\n","protected":false},"author":2,"featured_media":0,"comment_status":"open","ping_status":"open","sticky":false,"template":"","format":"standard","meta":{"footnotes":""},"categories":[581],"tags":[],"class_list":["post-3653","post","type-post","status-publish","format-standard","hentry","category-bibeltv-news"],"_links":{"self":[{"href":"https:\/\/bibellesen.jule-pape.de\/index.php?rest_route=\/wp\/v2\/posts\/3653","targetHints":{"allow":["GET"]}}],"collection":[{"href":"https:\/\/bibellesen.jule-pape.de\/index.php?rest_route=\/wp\/v2\/posts"}],"about":[{"href":"https:\/\/bibellesen.jule-pape.de\/index.php?rest_route=\/wp\/v2\/types\/post"}],"author":[{"embeddable":true,"href":"https:\/\/bibellesen.jule-pape.de\/index.php?rest_route=\/wp\/v2\/users\/2"}],"replies":[{"embeddable":true,"href":"https:\/\/bibellesen.jule-pape.de\/index.php?rest_route=%2Fwp%2Fv2%2Fcomments&post=3653"}],"version-history":[{"count":1,"href":"https:\/\/bibellesen.jule-pape.de\/index.php?rest_route=\/wp\/v2\/posts\/3653\/revisions"}],"predecessor-version":[{"id":3654,"href":"https:\/\/bibellesen.jule-pape.de\/index.php?rest_route=\/wp\/v2\/posts\/3653\/revisions\/3654"}],"wp:attachment":[{"href":"https:\/\/bibellesen.jule-pape.de\/index.php?rest_route=%2Fwp%2Fv2%2Fmedia&parent=3653"}],"wp:term":[{"taxonomy":"category","embeddable":true,"href":"https:\/\/bibellesen.jule-pape.de\/index.php?rest_route=%2Fwp%2Fv2%2Fcategories&post=3653"},{"taxonomy":"post_tag","embeddable":true,"href":"https:\/\/bibellesen.jule-pape.de\/index.php?rest_route=%2Fwp%2Fv2%2Ftags&post=3653"}],"curies":[{"name":"wp","href":"https:\/\/api.w.org\/{rel}","templated":true}]}}