
{"id":3629,"date":"2013-07-30T16:35:10","date_gmt":"2013-07-30T15:35:10","guid":{"rendered":"http:\/\/bibellesen.jule-pape.de\/?p=3629"},"modified":"2013-08-06T12:39:30","modified_gmt":"2013-08-06T11:39:30","slug":"die-richtige-perspektive","status":"publish","type":"post","link":"https:\/\/bibellesen.jule-pape.de\/?p=3629","title":{"rendered":"Die richtige Perspektive"},"content":{"rendered":"<p>In der heutigen Andacht m\u00f6chte ich Sie zu der Schriftstelle zur\u00fcckf\u00fchren, die wir uns letzte Woche in <b>Hebr\u00e4er 11,13-16 <\/b>angeschaut haben:<\/p>\n<p><b><i>\u201eDiese alle sind im Glauben gestorben und haben die Verhei\u00dfungen nicht erlangt, sondern sahen sie von fern und begr\u00fc\u00dften sie und bekannten, dass sie Fremde und ohne B\u00fcrgerrecht auf der Erde seien. Denn die, die solches sagen, zeigen deutlich, dass sie ein Vaterland suchen. Und wenn sie an jenes Land gedacht h\u00e4tten, von dem sie ausgezogen waren, so h\u00e4tten sie Gelegenheit gehabt, zur\u00fcckzukehren. Jetzt aber trachten sie nach einem besseren, das ist nach einem himmlischen. Darum sch\u00e4mt sich Gott ihrer nicht, ihr Gott genannt zu werden, denn er hat ihnen eine Stadt bereitet.\u201c<\/i><\/b><\/p>\n<p>Gestern sprachen wir davon, wie leicht es ist, sich an \u201edie guten alten Zeiten\u201c zu erinnern, aber mit einem selektiven Ged\u00e4chtnis, ohne sich an den Schmerz und die K\u00e4mpfe zu erinnern.<\/p>\n<p>Heute m\u00f6chte ich unser Augenmerk auf eine wichtige Perspektive lenken, die uns die Glaubenshelden in <b>Hebr\u00e4er 11<\/b> zeigen. Was taten sie? Sie schauten in die Zukunft. Diese M\u00e4nner und Frauen Gottes lebten als Fremde und Pilger auf dieser Erde, weil sie nach einer besseren Heimat Ausschau hielten, einem besseren Ort, den Gott f\u00fcr sie vorbereiten w\u00fcrde.<\/p>\n<p>Ich sage Ihnen, es gibt ein besseres Vaterland als unsere heutige Welt. Es gibt eine Stadt, die \u201edas Neue Jerusalem\u201c genannt wird. Es gibt einen Ort, der das Licht der Sonne oder das Licht des Mondes nicht braucht, weil das Lamm \u2013 Jesus Christus \u2013 sein Licht ist.<\/p>\n<p>In dieser Stadt wird jede Tr\u00e4ne abgewischt, es gibt dort keine S\u00fcnde, keine Krankheit, keinen Schmerz und kein Leid mehr.<\/p>\n<p>Wie die Helden der Vorzeit habe auch ich meinen Blick auf diese himmlische Stadt gerichtet. Sie ist besser als alles, was wir hier haben! Ich bete, dass dies heute und jeden Tag auch Ihre Perspektive ist!<\/p>\n","protected":false},"excerpt":{"rendered":"<p>In der heutigen Andacht m\u00f6chte ich Sie zu der Schriftstelle zur\u00fcckf\u00fchren, die wir uns letzte Woche in Hebr\u00e4er 11,13-16 angeschaut haben: \u201eDiese alle sind im Glauben gestorben und haben die Verhei\u00dfungen nicht erlangt, sondern sahen sie von fern und begr\u00fc\u00dften sie und bekannten, dass sie Fremde und ohne B\u00fcrgerrecht auf der Erde seien. Denn die, [&hellip;]<\/p>\n","protected":false},"author":2,"featured_media":0,"comment_status":"open","ping_status":"open","sticky":false,"template":"","format":"standard","meta":{"footnotes":""},"categories":[579],"tags":[],"class_list":["post-3629","post","type-post","status-publish","format-standard","hentry","category-email-andacht"],"_links":{"self":[{"href":"https:\/\/bibellesen.jule-pape.de\/index.php?rest_route=\/wp\/v2\/posts\/3629","targetHints":{"allow":["GET"]}}],"collection":[{"href":"https:\/\/bibellesen.jule-pape.de\/index.php?rest_route=\/wp\/v2\/posts"}],"about":[{"href":"https:\/\/bibellesen.jule-pape.de\/index.php?rest_route=\/wp\/v2\/types\/post"}],"author":[{"embeddable":true,"href":"https:\/\/bibellesen.jule-pape.de\/index.php?rest_route=\/wp\/v2\/users\/2"}],"replies":[{"embeddable":true,"href":"https:\/\/bibellesen.jule-pape.de\/index.php?rest_route=%2Fwp%2Fv2%2Fcomments&post=3629"}],"version-history":[{"count":1,"href":"https:\/\/bibellesen.jule-pape.de\/index.php?rest_route=\/wp\/v2\/posts\/3629\/revisions"}],"predecessor-version":[{"id":3651,"href":"https:\/\/bibellesen.jule-pape.de\/index.php?rest_route=\/wp\/v2\/posts\/3629\/revisions\/3651"}],"wp:attachment":[{"href":"https:\/\/bibellesen.jule-pape.de\/index.php?rest_route=%2Fwp%2Fv2%2Fmedia&parent=3629"}],"wp:term":[{"taxonomy":"category","embeddable":true,"href":"https:\/\/bibellesen.jule-pape.de\/index.php?rest_route=%2Fwp%2Fv2%2Fcategories&post=3629"},{"taxonomy":"post_tag","embeddable":true,"href":"https:\/\/bibellesen.jule-pape.de\/index.php?rest_route=%2Fwp%2Fv2%2Ftags&post=3629"}],"curies":[{"name":"wp","href":"https:\/\/api.w.org\/{rel}","templated":true}]}}