
{"id":3626,"date":"2013-07-26T08:22:36","date_gmt":"2013-07-26T07:22:36","guid":{"rendered":"http:\/\/bibellesen.jule-pape.de\/?p=3626"},"modified":"2013-07-26T08:23:27","modified_gmt":"2013-07-26T07:23:27","slug":"wann-sind-sie-gelassens","status":"publish","type":"post","link":"https:\/\/bibellesen.jule-pape.de\/?p=3626","title":{"rendered":"Wann sind Sie gelassen?"},"content":{"rendered":"<p>&nbsp;<\/p>\n<div id=\"bibelvers\" style=\"text-align: center;\">Bibelspruch:<br \/>\nDu stellst meine F\u00fc\u00dfe auf weiten Raum.<br \/>\n(Aus Psalm 31,9)<\/div>\n<p>&nbsp;<\/p>\n<div id=\"content\">Liebe Zuschauerinnen, liebe Zuschauer,ist Gelassenheit eigentlich die Anwesenheit von etwas? Oder die Abwesenheit von etwas? Das fragt Thomas Str\u00e4ssle in seinem neuen Buch \u201eGelassenheit. \u00dcber eine andere Haltung zur Welt\u201c. Haben Sie eine Antwort?<\/p>\n<p>Mich hat die Frage nach der Gelassenheit anger\u00fchrt. Denn Gelassenheit geh\u00f6rt f\u00fcr mich zu den Dingen, die ich als wertvoll und bereichernd erlebe, die ich mir w\u00fcnsche. (Womit ich \u00fcbrigens laut Str\u00e4ssle nicht<br \/>\nallein bin.)<\/p>\n<p>Gelassen zu sein bedeutet f\u00fcr mich, innerlich frei zu sein. Frieden zu haben. In der Tiefe von Herz und Geist eine klare Stille zu h\u00f6ren. Und genau deshalb hat Gelassenheit bei mir mit Gott zu tun. Freiheit, Frieden, Stille: das empfinde ich als Gaben Gottes. Darin erkenne und erlebe ich ihn.<\/p>\n<p>Wussten Sie \u00fcbrigens, dass das Wort Gelassenheit abstammt vom Wort Gottergebenheit? Und dass die Worte Gelassenheit und Besonnenheit zusammengeh\u00f6ren?<\/p>\n<p>Dass Gott als der Ewige und G\u00fctige mich und die ganze Welt h\u00e4lt: das macht mich gelassen. &#8222;Wenn ich das doch blo\u00df immer vor Augen haben k\u00f6nnte!&#8220;, quengelt es leise in mir, leider ganz ohne Gelassenheit.<\/p>\n<p>Jetzt in der Sommerzeit fallen mir beim Stichwort Gelassenheit vor allem Urlaubs-Situationen ein: Wenn man in den Allg\u00e4uer Alpen als einsamer Wanderer \u00fcber die stillen und majest\u00e4tischen Berge schaut. Oder wenn man an der See steht, der Himmel bis zu den blaugr\u00fcnen Wogen herunterreicht und die M\u00f6ven aufgeregt, aber doch eigenartig fern schreien. In solchen Momenten wei\u00df ich ganz genau: Gott ist. In solchen Momenten f\u00fchle ich \u201eDu stellst meine F\u00fc\u00dfe auf weiten Raum\u201c (Psalm 31,9).<\/p>\n<p>Wie und wann erleben Sie Gelassenheit? Welche Bilder entstehen vor Ihrem geistigen Auge? Welche Bibeltexte fallen Ihnen ein?<\/p>\n<\/div>\n<p>&nbsp;<\/p>\n<p>Gebetsanliegen f\u00fcr die kommende Woche:<\/p>\n<p>Gott gebe mir die Gelassenheit, Dinge hinzunehmen, die ich nicht \u00e4ndern kann, den Mut, Dinge zu \u00e4ndern, die ich \u00e4ndern kann und die Weisheit, das eine vom anderen zu unterscheiden.<\/p>\n","protected":false},"excerpt":{"rendered":"<p>&nbsp; Bibelspruch: Du stellst meine F\u00fc\u00dfe auf weiten Raum. (Aus Psalm 31,9) &nbsp; Liebe Zuschauerinnen, liebe Zuschauer,ist Gelassenheit eigentlich die Anwesenheit von etwas? Oder die Abwesenheit von etwas? Das fragt Thomas Str\u00e4ssle in seinem neuen Buch \u201eGelassenheit. \u00dcber eine andere Haltung zur Welt\u201c. Haben Sie eine Antwort? Mich hat die Frage nach der Gelassenheit anger\u00fchrt. [&hellip;]<\/p>\n","protected":false},"author":2,"featured_media":0,"comment_status":"open","ping_status":"open","sticky":false,"template":"","format":"standard","meta":{"footnotes":""},"categories":[581],"tags":[],"class_list":["post-3626","post","type-post","status-publish","format-standard","hentry","category-bibeltv-news"],"_links":{"self":[{"href":"https:\/\/bibellesen.jule-pape.de\/index.php?rest_route=\/wp\/v2\/posts\/3626","targetHints":{"allow":["GET"]}}],"collection":[{"href":"https:\/\/bibellesen.jule-pape.de\/index.php?rest_route=\/wp\/v2\/posts"}],"about":[{"href":"https:\/\/bibellesen.jule-pape.de\/index.php?rest_route=\/wp\/v2\/types\/post"}],"author":[{"embeddable":true,"href":"https:\/\/bibellesen.jule-pape.de\/index.php?rest_route=\/wp\/v2\/users\/2"}],"replies":[{"embeddable":true,"href":"https:\/\/bibellesen.jule-pape.de\/index.php?rest_route=%2Fwp%2Fv2%2Fcomments&post=3626"}],"version-history":[{"count":2,"href":"https:\/\/bibellesen.jule-pape.de\/index.php?rest_route=\/wp\/v2\/posts\/3626\/revisions"}],"predecessor-version":[{"id":3628,"href":"https:\/\/bibellesen.jule-pape.de\/index.php?rest_route=\/wp\/v2\/posts\/3626\/revisions\/3628"}],"wp:attachment":[{"href":"https:\/\/bibellesen.jule-pape.de\/index.php?rest_route=%2Fwp%2Fv2%2Fmedia&parent=3626"}],"wp:term":[{"taxonomy":"category","embeddable":true,"href":"https:\/\/bibellesen.jule-pape.de\/index.php?rest_route=%2Fwp%2Fv2%2Fcategories&post=3626"},{"taxonomy":"post_tag","embeddable":true,"href":"https:\/\/bibellesen.jule-pape.de\/index.php?rest_route=%2Fwp%2Fv2%2Ftags&post=3626"}],"curies":[{"name":"wp","href":"https:\/\/api.w.org\/{rel}","templated":true}]}}