
{"id":3578,"date":"2013-07-16T06:04:32","date_gmt":"2013-07-16T05:04:32","guid":{"rendered":"http:\/\/bibellesen.jule-pape.de\/?p=3578"},"modified":"2013-07-16T06:07:34","modified_gmt":"2013-07-16T05:07:34","slug":"seid-wie-die-kinder","status":"publish","type":"post","link":"https:\/\/bibellesen.jule-pape.de\/?p=3578","title":{"rendered":"die Nacktschnecken auf der Rutsche"},"content":{"rendered":"<p>da komme ich vor kurzem von der Arbeit nach Hause. Den ganzen Tag hatte es geregnet. Jetzt aber schien die Sonne. Im Garten h\u00f6rte ich Kinderstimmen. Ich lief in den Garten, um zu sehen, was die Kinder machen. Da sah ich an der Kinderrutsche im Garten Rebecca und Jeanetta spielen. Ich ging zu ihnen, wollte sie begr\u00fc\u00dfen und sah etwas Seltsames auf der Rutschbahn. Da klebten oder hockten ganz oben acht Nacktschnecken. Ich fragte Rebecca, was denn die Schnecken da auf der Rutschbahn machen. Rebecca antwortete: \u00bbPapa, wir bringen den Schnecken das Rutschen bei!\u00ab Da staunte ich nicht schlecht! Zumal Jeanetta mit ihrer kleinen blauen Gie\u00dfkanne ganz oben auf die Rutschbahn geklettert war, und nun langsam Wasser runterlaufen lie\u00df. Die Schnecken mussten rutschen \u2026 ob sie wollten oder nicht!<\/p>\n<p>Ich erinnerte mich in diesem Moment an ein Wort von Jesus: Werdet wie die Kinder! Ja, dachte ich, so will ich werden. Ich will wieder frei sein von allen Zw\u00e4ngen, um solch verr\u00fcckte Ideen spinnen zu k\u00f6nnen. Frei sein von allem Belastenden, um aus dem Rahmen zu fallen. Das w\u00e4re mein Wunsch: Wenn Sie von unserem gemeinsamen Fernsehgottesdienst \u00bbStunde des H\u00f6chsten\u00ab Woche f\u00fcr Woche motiviert und inspiriert werden, in der Kraft Gottes auch Ihren pers\u00f6nlichen Schnecken das Rutschen beizubringen. Schlie\u00dflich haben wir es in unserem Alltag mit so vielen Schnecken zu tun: in jeder Beziehung, in der Berufsplanung und im beruflichen Alltag, in der Erziehung, usw. M\u00f6ge Gott Ihnen die Kraft schenken, gro\u00df zu denken und Gro\u00dfes zu erwarten!<\/p>\n<p>Zu den rutschenden Schnecken gibt es nun in der Zwischenzeit eine Fortsetzung. Ich hatte die Geschichte bei uns zu Hause im Gottesdienst erz\u00e4hlt. An einem Sonntag danach kam ein junger Mann auf mich zu. Gemeinsam mit seiner Frau. Ich wei\u00df, dass er ein gestandener Mann ist, eine eigene Firma und auch Kinder hat. Er sprach mich an. \u00bbHerr Pfarrer, es war vor kurzem bei uns im Garten. Zuerst vergewisserte ich mich, dass mich ja keiner beobachtete. Ich wollte das ausprobieren, was sie erz\u00e4hlt haben. Also habe ich zwei Schnecken auf die Kinderrutsche gesetzt und ein bisschen Wasser dar\u00fcber gegossen. Ja, ich wollte den Schnecken das Rutschen beibringen. Und wissen sie was? Es hat funktioniert!\u00ab<\/p>\n<p>Also, probieren Sie&#8217;s aus \u2013 mit einer gro\u00dfen Portion Gottvertrauen: damit die Schnecken das Rutschen lernen!<\/p>\n<p>\u00dcbrigens, wir m\u00f6chten gerne mit Ihnen gemeinsam den vierten Geburtstag von \u00bbStunde des H\u00f6chsten\u00ab feiern. Herzliche Einladung am 04. Oktober ab 10 Uhr in der Kapelle auf dem H\u00f6chsten zu einem besonderen Zuschauertag! Bitte melden Sie sich dazu in unserem Zuschauerb\u00fcro an!<\/p>\n<p>Bis dahin, seien Sie gesegnet und beh\u00fctet,<\/p>\n","protected":false},"excerpt":{"rendered":"<p>da komme ich vor kurzem von der Arbeit nach Hause. Den ganzen Tag hatte es geregnet. Jetzt aber schien die Sonne. Im Garten h\u00f6rte ich Kinderstimmen. Ich lief in den Garten, um zu sehen, was die Kinder machen. Da sah ich an der Kinderrutsche im Garten Rebecca und Jeanetta spielen. Ich ging zu ihnen, wollte [&hellip;]<\/p>\n","protected":false},"author":2,"featured_media":0,"comment_status":"open","ping_status":"open","sticky":false,"template":"","format":"standard","meta":{"footnotes":""},"categories":[592],"tags":[],"class_list":["post-3578","post","type-post","status-publish","format-standard","hentry","category-stunde-des-hochsten"],"_links":{"self":[{"href":"https:\/\/bibellesen.jule-pape.de\/index.php?rest_route=\/wp\/v2\/posts\/3578","targetHints":{"allow":["GET"]}}],"collection":[{"href":"https:\/\/bibellesen.jule-pape.de\/index.php?rest_route=\/wp\/v2\/posts"}],"about":[{"href":"https:\/\/bibellesen.jule-pape.de\/index.php?rest_route=\/wp\/v2\/types\/post"}],"author":[{"embeddable":true,"href":"https:\/\/bibellesen.jule-pape.de\/index.php?rest_route=\/wp\/v2\/users\/2"}],"replies":[{"embeddable":true,"href":"https:\/\/bibellesen.jule-pape.de\/index.php?rest_route=%2Fwp%2Fv2%2Fcomments&post=3578"}],"version-history":[{"count":4,"href":"https:\/\/bibellesen.jule-pape.de\/index.php?rest_route=\/wp\/v2\/posts\/3578\/revisions"}],"predecessor-version":[{"id":3582,"href":"https:\/\/bibellesen.jule-pape.de\/index.php?rest_route=\/wp\/v2\/posts\/3578\/revisions\/3582"}],"wp:attachment":[{"href":"https:\/\/bibellesen.jule-pape.de\/index.php?rest_route=%2Fwp%2Fv2%2Fmedia&parent=3578"}],"wp:term":[{"taxonomy":"category","embeddable":true,"href":"https:\/\/bibellesen.jule-pape.de\/index.php?rest_route=%2Fwp%2Fv2%2Fcategories&post=3578"},{"taxonomy":"post_tag","embeddable":true,"href":"https:\/\/bibellesen.jule-pape.de\/index.php?rest_route=%2Fwp%2Fv2%2Ftags&post=3578"}],"curies":[{"name":"wp","href":"https:\/\/api.w.org\/{rel}","templated":true}]}}