
{"id":3443,"date":"2013-06-10T12:33:58","date_gmt":"2013-06-10T11:33:58","guid":{"rendered":"http:\/\/bibellesen.jule-pape.de\/?p=3443"},"modified":"2013-06-10T12:33:58","modified_gmt":"2013-06-10T11:33:58","slug":"rock-berlin-dna","status":"publish","type":"post","link":"https:\/\/bibellesen.jule-pape.de\/?p=3443","title":{"rendered":"Rock Berlin DNA"},"content":{"rendered":"<p><strong>Unterst\u00fctzen\u00a0\u00a0\u00a0\u00a0\u00a0<\/strong>\u00a0\u00a0\u00a0\u00a0\u00a0\u00a0\u00a0\u00a0\u00a0\u00a0\u00a0\u00a0\u00a0\u00a0\u00a0\u00a0\u00a0 \u00a0I Korinther 12:25-26<\/p>\n<p>Auf diese Weise kommt keine Spaltung im Leib zustande, sondern alle Glieder sorgen in gleicher Weise f\u00fcreinander. Wenn eines leidet, leiden alle anderen mit, und wenn eines geehrt wird, freuen sich alle anderen mit.<\/p>\n<p>&nbsp;<\/p>\n<p><strong>Einladen\u00a0<\/strong>\u00a0\u00a0\u00a0\u00a0\u00a0\u00a0\u00a0\u00a0\u00a0\u00a0\u00a0\u00a0\u00a0\u00a0\u00a0\u00a0\u00a0\u00a0\u00a0\u00a0\u00a0\u00a0\u00a0\u00a0\u00a0\u00a0\u00a0\u00a0 \u00a0II Korinther 5:19-20<\/p>\n<p>Denn Gott war in Christus und vers\u00f6hnte so die Welt mit sich selbst und rechnete den Menschen ihre S\u00fcnde nicht mehr an. Das ist die herrliche Botschaft der Vers\u00f6hnung, die er uns anvertraut hat, damit wir sie anderen verk\u00fcnden. So sind wir Botschafter Christi, und Gott gebraucht uns, um durch uns zu sprechen. Wir bitten inst\u00e4ndig, so als w\u00fcrde Christus es pers\u00f6nlich tun: &#8222;Lass euch mit Gott vers\u00f6hnen&#8220;.<\/p>\n<p>&nbsp;<\/p>\n<p><strong>Vertiefen\u00a0\u00a0<\/strong>\u00a0\u00a0\u00a0\u00a0\u00a0\u00a0\u00a0\u00a0\u00a0\u00a0\u00a0\u00a0\u00a0\u00a0\u00a0\u00a0\u00a0\u00a0\u00a0\u00a0\u00a0\u00a0\u00a0\u00a0\u00a0\u00a0\u00a0 \u00a0Epheser 3:16-19<\/p>\n<p>Ich bete, dass er euch aus seinem gro\u00dfen Reichtum die Kraft gibt, durch seinen Geist innerlich stark zu werden. Und ich bete, dass Christus durch den Glauben immer mehr in euren Herzen wohnt und ihr in der Liebe Gottes fest verwurzelt und gegr\u00fcndet seid. So k\u00f6nnt ihr mit allen Gl\u00e4ubigen das ganze Ausma\u00df seiner Liebe erkennen. Und ihr k\u00f6nnt auch die Liebe erkennen, die Christus zu uns hat; eine Liebe, die gr\u00f6\u00dfer ist, als ihr je begreifen werdet. Dadurch wird euch d<\/p>\n<p>&nbsp;<\/p>\n<p><strong>Multiplizieren\u00a0<\/strong>\u00a0\u00a0\u00a0\u00a0\u00a0\u00a0\u00a0\u00a0\u00a0\u00a0\u00a0\u00a0\u00a0\u00a0\u00a0\u00a0\u00a0\u00a0\u00a0 \u00a0II Timotheus 2:2<\/p>\n<p>Was du von mir geh\u00f6rt hast, das sollst du auch weitergeben an Menschen, die vertrauensw\u00fcrdig und f\u00e4hig sind, andere zu lehren.<\/p>\n<p>&nbsp;<\/p>\n","protected":false},"excerpt":{"rendered":"<p>Unterst\u00fctzen\u00a0\u00a0\u00a0\u00a0\u00a0\u00a0\u00a0\u00a0\u00a0\u00a0\u00a0\u00a0\u00a0\u00a0\u00a0\u00a0\u00a0\u00a0\u00a0\u00a0\u00a0\u00a0 \u00a0I Korinther 12:25-26 Auf diese Weise kommt keine Spaltung im Leib zustande, sondern alle Glieder sorgen in gleicher Weise f\u00fcreinander. Wenn eines leidet, leiden alle anderen mit, und wenn eines geehrt wird, freuen sich alle anderen mit. &nbsp; Einladen\u00a0\u00a0\u00a0\u00a0\u00a0\u00a0\u00a0\u00a0\u00a0\u00a0\u00a0\u00a0\u00a0\u00a0\u00a0\u00a0\u00a0\u00a0\u00a0\u00a0\u00a0\u00a0\u00a0\u00a0\u00a0\u00a0\u00a0\u00a0\u00a0 \u00a0II Korinther 5:19-20 Denn Gott war in Christus und vers\u00f6hnte so die Welt mit sich [&hellip;]<\/p>\n","protected":false},"author":2,"featured_media":0,"comment_status":"open","ping_status":"open","sticky":false,"template":"","format":"standard","meta":{"footnotes":""},"categories":[590,583],"tags":[],"class_list":["post-3443","post","type-post","status-publish","format-standard","hentry","category-grundlagen","category-rock-berlin"],"_links":{"self":[{"href":"https:\/\/bibellesen.jule-pape.de\/index.php?rest_route=\/wp\/v2\/posts\/3443","targetHints":{"allow":["GET"]}}],"collection":[{"href":"https:\/\/bibellesen.jule-pape.de\/index.php?rest_route=\/wp\/v2\/posts"}],"about":[{"href":"https:\/\/bibellesen.jule-pape.de\/index.php?rest_route=\/wp\/v2\/types\/post"}],"author":[{"embeddable":true,"href":"https:\/\/bibellesen.jule-pape.de\/index.php?rest_route=\/wp\/v2\/users\/2"}],"replies":[{"embeddable":true,"href":"https:\/\/bibellesen.jule-pape.de\/index.php?rest_route=%2Fwp%2Fv2%2Fcomments&post=3443"}],"version-history":[{"count":1,"href":"https:\/\/bibellesen.jule-pape.de\/index.php?rest_route=\/wp\/v2\/posts\/3443\/revisions"}],"predecessor-version":[{"id":3444,"href":"https:\/\/bibellesen.jule-pape.de\/index.php?rest_route=\/wp\/v2\/posts\/3443\/revisions\/3444"}],"wp:attachment":[{"href":"https:\/\/bibellesen.jule-pape.de\/index.php?rest_route=%2Fwp%2Fv2%2Fmedia&parent=3443"}],"wp:term":[{"taxonomy":"category","embeddable":true,"href":"https:\/\/bibellesen.jule-pape.de\/index.php?rest_route=%2Fwp%2Fv2%2Fcategories&post=3443"},{"taxonomy":"post_tag","embeddable":true,"href":"https:\/\/bibellesen.jule-pape.de\/index.php?rest_route=%2Fwp%2Fv2%2Ftags&post=3443"}],"curies":[{"name":"wp","href":"https:\/\/api.w.org\/{rel}","templated":true}]}}