
{"id":3434,"date":"2013-06-04T09:52:32","date_gmt":"2013-06-04T08:52:32","guid":{"rendered":"http:\/\/bibellesen.jule-pape.de\/?p=3434"},"modified":"2013-07-23T11:30:50","modified_gmt":"2013-07-23T10:30:50","slug":"gott-leitet-uns-von-innen","status":"publish","type":"post","link":"https:\/\/bibellesen.jule-pape.de\/?p=3434","title":{"rendered":"Gott leitet uns von innen"},"content":{"rendered":"<p>In unserer letzten Andacht sprachen wir davon, dass der neue Bund besser ist als der alte Bund. Einen Grund nennt uns <b>Hebr\u00e4er 8,8-11<\/b>, wo es hei\u00dft:<\/p>\n<p><b><em>\u201eSiehe, es kommen Tage, spricht der Herr, da werde ich mit dem Haus Israel und mit dem Haus Juda einen neuen Bund schlie\u00dfen, nicht nach der Art des Bundes, den ich mit ihren V\u00e4tern machte an dem Tag, da ich ihre Hand ergriff, um sie aus dem Land \u00c4gypten herauszuf\u00fchren; denn sie blieben nicht in meinem Bund und ich k\u00fcmmerte mich nicht um sie, spricht der Herr. Denn dies ist der Bund, den ich dem Haus Israel errichten werde nach jenen Tagen, spricht der Herr: Meine Gesetze gebe ich in ihren Sinn und werde sie auch auf ihre Herzen schreiben; und ich werde ihnen Gott sein und sie werden mir Volk sein. Und nicht werden sie ein jeder seinen Mitb\u00fcrger und ein jeder seinen Bruder lehren und sagen: Erkenne den Herrn! Denn alle werden mich kennen, vom Kleinen bis zum Gro\u00dfen unter ihnen!\u201c<\/em><\/b><\/p>\n<p>Im Alten Testament musste Gott sein Volk von au\u00dfen leiten. Als sie aus \u00c4gypten flohen, f\u00fchrte Gott sie bei Nacht durch eine Feuers\u00e4ule und bei Tag durch eine Wolkens\u00e4ule. Sie wussten nicht intuitiv, wohin Gott sie schickte oder was er von ihnen verlangte.<\/p>\n<p>Doch unter dem neuen Bund leitet Gott sein Volk von innen, weil er jetzt in ihnen Wohnung genommen hat. Ich glaube, das ist der Grund, warum Gott am Pfingsttag entschied, das Kommen des Heiligen Geistes durch feurige Zungen zu offenbaren, die sich individuell auf jede einzelne Person niederlie\u00dfen.<\/p>\n<p>Gott sagte damit, dass er zwar unter dem alten Bund sein Volk durch eine Feuers\u00e4ule leitete, dass er jetzt aber gekommen ist, um unter ihnen zu wohnen und jeden Gl\u00e4ubigen von seinem Inneren her zu leiten.<\/p>\n","protected":false},"excerpt":{"rendered":"<p>In unserer letzten Andacht sprachen wir davon, dass der neue Bund besser ist als der alte Bund. Einen Grund nennt uns Hebr\u00e4er 8,8-11, wo es hei\u00dft: \u201eSiehe, es kommen Tage, spricht der Herr, da werde ich mit dem Haus Israel und mit dem Haus Juda einen neuen Bund schlie\u00dfen, nicht nach der Art des Bundes, [&hellip;]<\/p>\n","protected":false},"author":2,"featured_media":0,"comment_status":"open","ping_status":"open","sticky":false,"template":"","format":"standard","meta":{"footnotes":""},"categories":[579],"tags":[],"class_list":["post-3434","post","type-post","status-publish","format-standard","hentry","category-email-andacht"],"_links":{"self":[{"href":"https:\/\/bibellesen.jule-pape.de\/index.php?rest_route=\/wp\/v2\/posts\/3434","targetHints":{"allow":["GET"]}}],"collection":[{"href":"https:\/\/bibellesen.jule-pape.de\/index.php?rest_route=\/wp\/v2\/posts"}],"about":[{"href":"https:\/\/bibellesen.jule-pape.de\/index.php?rest_route=\/wp\/v2\/types\/post"}],"author":[{"embeddable":true,"href":"https:\/\/bibellesen.jule-pape.de\/index.php?rest_route=\/wp\/v2\/users\/2"}],"replies":[{"embeddable":true,"href":"https:\/\/bibellesen.jule-pape.de\/index.php?rest_route=%2Fwp%2Fv2%2Fcomments&post=3434"}],"version-history":[{"count":2,"href":"https:\/\/bibellesen.jule-pape.de\/index.php?rest_route=\/wp\/v2\/posts\/3434\/revisions"}],"predecessor-version":[{"id":3600,"href":"https:\/\/bibellesen.jule-pape.de\/index.php?rest_route=\/wp\/v2\/posts\/3434\/revisions\/3600"}],"wp:attachment":[{"href":"https:\/\/bibellesen.jule-pape.de\/index.php?rest_route=%2Fwp%2Fv2%2Fmedia&parent=3434"}],"wp:term":[{"taxonomy":"category","embeddable":true,"href":"https:\/\/bibellesen.jule-pape.de\/index.php?rest_route=%2Fwp%2Fv2%2Fcategories&post=3434"},{"taxonomy":"post_tag","embeddable":true,"href":"https:\/\/bibellesen.jule-pape.de\/index.php?rest_route=%2Fwp%2Fv2%2Ftags&post=3434"}],"curies":[{"name":"wp","href":"https:\/\/api.w.org\/{rel}","templated":true}]}}