
{"id":3429,"date":"2013-06-02T12:25:52","date_gmt":"2013-06-02T11:25:52","guid":{"rendered":"http:\/\/bibellesen.jule-pape.de\/?p=3429"},"modified":"2013-06-16T15:03:45","modified_gmt":"2013-06-16T14:03:45","slug":"aus-2-mach-1-zusammengefuhrt-in-einen-geistigen-tempel","status":"publish","type":"post","link":"https:\/\/bibellesen.jule-pape.de\/?p=3429","title":{"rendered":"Epheser Teil 1 &#8211; aus 2 mach 1 &#8211; Zusammengef\u00fchrt in einen geistigen Tempel"},"content":{"rendered":"<p><strong>Epheser 2:11-22 <\/strong>Elberfelder<\/p>\n<blockquote>\n<h3 id=\"c2ref49002011\">Juden und Heiden &#8211; eins in Christus<\/h3>\n<p><!--[if gte mso 9]><xml>\n<w:worddocument>\n<w:view>Normal<\/w:view>\n<w:zoom>0<\/w:zoom>\n<w:hyphenationzone>21<\/w:hyphenationzone>\n<w:punctuationkerning><\/w:punctuationkerning>\n<w:validateagainstschemas><\/w:validateagainstschemas>\n<w:saveifxmlinvalid>false<\/w:saveifxmlinvalid>\n<w:ignoremixedcontent>false<\/w:ignoremixedcontent>\n<w:alwaysshowplaceholdertext>false<\/w:alwaysshowplaceholdertext>\n<w:compatibility>\n<w:breakwrappedtables><\/w:breakwrappedtables>\n<w:snaptogridincell><\/w:snaptogridincell>\n<w:wraptextwithpunct><\/w:wraptextwithpunct>\n<w:useasianbreakrules><\/w:useasianbreakrules>\n<w:dontgrowautofit><\/w:dontgrowautofit>\n<\/w:compatibility>\n<w:browserlevel>MicrosoftInternetExplorer4<\/w:browserlevel>\n<\/w:worddocument>\n<\/xml>< ![endif]--><\/p>\n<p class=\"MsoNormal\"><span style=\"font-size: 12.0pt; mso-bidi-font-family: Arial;\">11\u00a0Deshalb denkt daran, dass ihr, einst aus den Nationen dem Fleisch nach &#8211; <b style=\"mso-bidi-font-weight: normal;\">&#8222;Unbeschnittene&#8220;<\/b> genannt von der sogenannten <b style=\"mso-bidi-font-weight: normal;\">&#8222;Beschneidung&#8220;<\/b>, die im Fleisch mit H\u00e4nden geschieht -12\u00a0zu jener Zeit ohne Christus wart, ausgeschlossen vom B\u00fcrgerrecht Israels und Fremdlinge hinsichtlich der B\u00fcndnisse der Verhei\u00dfung; und ihr hattet keine Hoffnung und wart ohne Gott in der Welt.<\/span><\/p>\n<p class=\"MsoNormal\"><span style=\"font-size: 12.0pt; mso-bidi-font-family: Arial;\">\u00a013\u00a0Jetzt aber, in Christus Jesus, seid ihr, die ihr einst fern wart, durch das Blut des Christus nahe geworden. 14\u00a0Denn er ist unser Friede. Er hat <b style=\"mso-bidi-font-weight: normal;\">aus beiden eins gemacht<\/b> und <span style=\"text-decoration: underline;\">die Zwischenwand der Umz\u00e4unung, die Feindschaft, in seinem Fleisch abgebrochen<\/span>.<\/span><\/p>\n<p class=\"MsoNormal\"><span style=\"font-size: 12.0pt; mso-bidi-font-family: Arial;\">\u00a015\u00a0Er hat das Gesetz der Gebote in Satzungen beseitigt, um die zwei &#8211; Frieden stiftend &#8211; <b style=\"mso-bidi-font-weight: normal;\">in sich selbst zu einem neuen Menschen zu schaffen <\/b>16\u00a0und die beiden in einem Leib mit Gott zu vers\u00f6hnen durch das Kreuz, durch das er die Feindschaft get\u00f6tet hat.<\/span><\/p>\n<p class=\"MsoNormal\"><span style=\"font-size: 12.0pt; mso-bidi-font-family: Arial;\">\u00a017\u00a0Und er kam und hat Frieden verk\u00fcndigt euch, den Fernen, und Frieden den Nahen. 18\u00a0Denn durch ihn haben wir beide durch einen Geist den Zugang zum Vater. 19\u00a0So seid ihr nun nicht mehr Fremde und Nichtb\u00fcrger, sondern ihr seid Mitb\u00fcrger der Heiligen und Gottes Hausgenossen.<\/span><\/p>\n<p class=\"MsoNormal\"><span style=\"font-size: 12.0pt; mso-bidi-font-family: Arial;\">\u00a020\u00a0Ihr seid aufgebaut <b style=\"mso-bidi-font-weight: normal;\">auf der Grundlage der Apostel und Propheten<\/b>, wobei Christus <b style=\"mso-bidi-font-weight: normal;\">Jesus selbst Eckstein<\/b> ist. 21\u00a0In ihm zusammengef\u00fcgt, <span style=\"text-decoration: underline;\">w\u00e4chst<\/span> der ganze Bau zu einem heiligen Tempel im Herrn, 22\u00a0und in ihm werdet auch ihr mit aufgebaut zu einer Behausung Gottes im Geist.<br \/>\n<\/span><\/p>\n<p><!--[if gte mso 9]><xml>\n<w:latentstyles DefLockedState=\"false\" LatentStyleCount=\"156\">\n<\/w:latentstyles>\n<\/xml>< ![endif]--><!--[if gte mso 10]>\n\n\n\n<style>\n \/* Style Definitions *\/\ntable.MsoNormalTable\n{mso-style-name:\"Normale Tabelle\";\nmso-tstyle-rowband-size:0;\nmso-tstyle-colband-size:0;\nmso-style-noshow:yes;\nmso-style-parent:\"\";\nmso-padding-alt:0cm 5.4pt 0cm 5.4pt;\nmso-para-margin:0cm;\nmso-para-margin-bottom:.0001pt;\nmso-pagination:widow-orphan;\nfont-size:10.0pt;\nfont-family:\"Times New Roman\";\nmso-ansi-language:#0400;\nmso-fareast-language:#0400;\nmso-bidi-language:#0400;}\n<\/style>\n\n< ![endif]--><\/p><\/blockquote>\n","protected":false},"excerpt":{"rendered":"<p>Epheser 2:11-22 Elberfelder Juden und Heiden &#8211; eins in Christus 11\u00a0Deshalb denkt daran, dass ihr, einst aus den Nationen dem Fleisch nach &#8211; &#8222;Unbeschnittene&#8220; genannt von der sogenannten &#8222;Beschneidung&#8220;, die im Fleisch mit H\u00e4nden geschieht -12\u00a0zu jener Zeit ohne Christus wart, ausgeschlossen vom B\u00fcrgerrecht Israels und Fremdlinge hinsichtlich der B\u00fcndnisse der Verhei\u00dfung; und ihr hattet [&hellip;]<\/p>\n","protected":false},"author":2,"featured_media":0,"comment_status":"open","ping_status":"open","sticky":false,"template":"","format":"standard","meta":{"footnotes":""},"categories":[588,583],"tags":[],"class_list":["post-3429","post","type-post","status-publish","format-standard","hentry","category-notizen-von-ansprachen","category-rock-berlin"],"_links":{"self":[{"href":"https:\/\/bibellesen.jule-pape.de\/index.php?rest_route=\/wp\/v2\/posts\/3429","targetHints":{"allow":["GET"]}}],"collection":[{"href":"https:\/\/bibellesen.jule-pape.de\/index.php?rest_route=\/wp\/v2\/posts"}],"about":[{"href":"https:\/\/bibellesen.jule-pape.de\/index.php?rest_route=\/wp\/v2\/types\/post"}],"author":[{"embeddable":true,"href":"https:\/\/bibellesen.jule-pape.de\/index.php?rest_route=\/wp\/v2\/users\/2"}],"replies":[{"embeddable":true,"href":"https:\/\/bibellesen.jule-pape.de\/index.php?rest_route=%2Fwp%2Fv2%2Fcomments&post=3429"}],"version-history":[{"count":5,"href":"https:\/\/bibellesen.jule-pape.de\/index.php?rest_route=\/wp\/v2\/posts\/3429\/revisions"}],"predecessor-version":[{"id":3473,"href":"https:\/\/bibellesen.jule-pape.de\/index.php?rest_route=\/wp\/v2\/posts\/3429\/revisions\/3473"}],"wp:attachment":[{"href":"https:\/\/bibellesen.jule-pape.de\/index.php?rest_route=%2Fwp%2Fv2%2Fmedia&parent=3429"}],"wp:term":[{"taxonomy":"category","embeddable":true,"href":"https:\/\/bibellesen.jule-pape.de\/index.php?rest_route=%2Fwp%2Fv2%2Fcategories&post=3429"},{"taxonomy":"post_tag","embeddable":true,"href":"https:\/\/bibellesen.jule-pape.de\/index.php?rest_route=%2Fwp%2Fv2%2Ftags&post=3429"}],"curies":[{"name":"wp","href":"https:\/\/api.w.org\/{rel}","templated":true}]}}