
{"id":3408,"date":"2013-05-28T13:15:43","date_gmt":"2013-05-28T12:15:43","guid":{"rendered":"http:\/\/bibellesen.jule-pape.de\/?p=3408"},"modified":"2013-05-28T13:15:43","modified_gmt":"2013-05-28T12:15:43","slug":"lebenszeichen-vom-kirchentag","status":"publish","type":"post","link":"https:\/\/bibellesen.jule-pape.de\/?p=3408","title":{"rendered":"Lebenszeichen vom Kirchentag"},"content":{"rendered":"<p> Liebe Frau Pape,<\/p>\n<p>auf dem Kirchentag in Hamburg hatte meine Frau \u2013 die den SdH-Stand betreute \u2013 ein ergreifendes Erlebnis. Sie schildert: \u00bbEin kleiner Wirbelwind kam  ungebremst auf meinen Stand gefegt. Es war der acht \u00e4hrige Silas, der zusammen mit seinem Papa extra f\u00fcr den SdH-Stand in die Messehalle gekommen war. Jeden Sonntag schaut er zusammen mit seinem ebenfalls schwerh\u00f6rigen Bruder Stunde des H\u00f6chsten. Er wusste ganz genau, an welchem Sonntag die Sendung gelaufen war, die gerade am Stand im Fernseher lief. Er wusste \u00fcberhaupt alles. Als einziger Standbesucher des Kirchentages konnte er auf anhieb das Quiz l\u00f6sen. Es war so r\u00fchrend \u2013 er konnte sein Gl\u00fcck kaum fassen. Am Ende musste ich ihm ein Autogramm geben. Und sein Papa bat mich um eines f\u00fcr den Zwillingsbruder Lukas. Und er dr\u00fcckte mir mit Tr\u00e4nen in den Augen zehn Euro in die Hand, mit den Worten, ich solle damit Eis essen gehen (hab es nat\u00fcrlich in die Spendenbox getan &#8230;)\u00ab Meine Frau meinte: \u00bbEine Erfahrung, die zeigt, dass und wie sich die Arbeit von Stunde des H\u00f6chsten in Deutscher Geb\u00e4rdensprache lohnt!\u00ab<\/p>\n<p>Vor kurzem sa\u00df ich bei einer \u00fcber 80-j\u00e4hrigen Zuschauerin. Jeden Sonntag morgen feiert sie mit uns Fernsehgottesdienst. Sie \u00fcbergab uns einen Scheck in H\u00f6he von 10 000 Euro. \u00bbUnser\u00ab Anteil der f\u00e4lligen Lebensversicherung ihres verstorbenen Sohnes! Sie meinte: Diese Arbeit ist es wert, sie zu unterst\u00fctzen!\u00ab Was f\u00fcr ein Wunder!<\/p>\n<p>Unz\u00e4hlige Begegnungen gab es in den vergangenen Wochen. Wir schreiben sie nicht auf unsere Fahnen. Wir schreiben sie eindeutig dem Wirken des Heiligen Geistes zu. Wie gut, dass uns Jesus mit seinem Heiligen Geist einen Tr\u00f6ster, einen Vermittler, einen Ermutiger in die Welt gesandt hat, der uns Menschen immer wieder begeistert. Der uns zusammenf\u00fchrt \u00fcber hunderte von verschiedenen Wegen. Ich freue mich heute schon auf die Begegnung mit Ihnen! Bin gespannt, wann sich unsere Wege kreuzen! Vielleicht bei einem der n\u00e4chsten Zuschauertage auf dem H\u00f6chsten.<\/p>\n<p>Bis dahin seien Sie gesegnet und beh\u00fctet,<\/p>\n<p>Ihr Pfarrer Heiko Br\u00e4uning<br \/>\nund das SdH-Team<\/p>\n","protected":false},"excerpt":{"rendered":"<p>Liebe Frau Pape, auf dem Kirchentag in Hamburg hatte meine Frau \u2013 die den SdH-Stand betreute \u2013 ein ergreifendes Erlebnis. Sie schildert: \u00bbEin kleiner Wirbelwind kam ungebremst auf meinen Stand gefegt. Es war der acht \u00e4hrige Silas, der zusammen mit seinem Papa extra f\u00fcr den SdH-Stand in die Messehalle gekommen war. Jeden Sonntag schaut er [&hellip;]<\/p>\n","protected":false},"author":2,"featured_media":0,"comment_status":"open","ping_status":"open","sticky":false,"template":"","format":"standard","meta":{"footnotes":""},"categories":[581],"tags":[],"class_list":["post-3408","post","type-post","status-publish","format-standard","hentry","category-bibeltv-news"],"_links":{"self":[{"href":"https:\/\/bibellesen.jule-pape.de\/index.php?rest_route=\/wp\/v2\/posts\/3408","targetHints":{"allow":["GET"]}}],"collection":[{"href":"https:\/\/bibellesen.jule-pape.de\/index.php?rest_route=\/wp\/v2\/posts"}],"about":[{"href":"https:\/\/bibellesen.jule-pape.de\/index.php?rest_route=\/wp\/v2\/types\/post"}],"author":[{"embeddable":true,"href":"https:\/\/bibellesen.jule-pape.de\/index.php?rest_route=\/wp\/v2\/users\/2"}],"replies":[{"embeddable":true,"href":"https:\/\/bibellesen.jule-pape.de\/index.php?rest_route=%2Fwp%2Fv2%2Fcomments&post=3408"}],"version-history":[{"count":1,"href":"https:\/\/bibellesen.jule-pape.de\/index.php?rest_route=\/wp\/v2\/posts\/3408\/revisions"}],"predecessor-version":[{"id":3409,"href":"https:\/\/bibellesen.jule-pape.de\/index.php?rest_route=\/wp\/v2\/posts\/3408\/revisions\/3409"}],"wp:attachment":[{"href":"https:\/\/bibellesen.jule-pape.de\/index.php?rest_route=%2Fwp%2Fv2%2Fmedia&parent=3408"}],"wp:term":[{"taxonomy":"category","embeddable":true,"href":"https:\/\/bibellesen.jule-pape.de\/index.php?rest_route=%2Fwp%2Fv2%2Fcategories&post=3408"},{"taxonomy":"post_tag","embeddable":true,"href":"https:\/\/bibellesen.jule-pape.de\/index.php?rest_route=%2Fwp%2Fv2%2Ftags&post=3408"}],"curies":[{"name":"wp","href":"https:\/\/api.w.org\/{rel}","templated":true}]}}