
{"id":3394,"date":"2013-05-19T18:45:57","date_gmt":"2013-05-19T17:45:57","guid":{"rendered":"http:\/\/bibellesen.jule-pape.de\/?p=3394"},"modified":"2013-05-21T18:48:45","modified_gmt":"2013-05-21T17:48:45","slug":"unser-licht-leuchten-lassen","status":"publish","type":"post","link":"https:\/\/bibellesen.jule-pape.de\/?p=3394","title":{"rendered":"unser Licht leuchten lassen"},"content":{"rendered":"<p>sehr interessante Ansprache von Mike zum Thema Predigtdienst und warum es so wichtig ist, unser Licht leuchten zu lassen und mit anderen \u00fcber unseren Glauben zu sprechen.<\/p>\n<p>Die Erfahrungen hatten alle dieselbe Richtung: jeder von uns hat ganz pers\u00f6nliche Begabungen und Talente und es f\u00fchrt zu nichts, wenn wir uns zwingen w\u00fcrden in einer bestimmten Art mit den Menschen zu reden, die nicht unsere autentische ist. Besser, wir nutzen unsere pers\u00f6nlichen Begabungen und sprechen die Menschen auf dieese Weise an.<\/p>\n<p>Auch gleich bei allen: wenn man sich vertrauensvoll &#8222;auf dieses Abenteuer&#8220; einl\u00e4sst, dann &#8222;ist es garnicht so schlimm&#8220;.<\/p>\n<p>Ist es nicht wunderbar, dass alle dieselbe Erfahrung gemacht haben, wie wir und dass jeder, der zum ersten Mal &#8222;gepredigt hat&#8220;, gleich zu Anfang eine positive Erfahrung von Jehova erhalten hat?<\/p>\n","protected":false},"excerpt":{"rendered":"<p>sehr interessante Ansprache von Mike zum Thema Predigtdienst und warum es so wichtig ist, unser Licht leuchten zu lassen und mit anderen \u00fcber unseren Glauben zu sprechen. Die Erfahrungen hatten alle dieselbe Richtung: jeder von uns hat ganz pers\u00f6nliche Begabungen und Talente und es f\u00fchrt zu nichts, wenn wir uns zwingen w\u00fcrden in einer bestimmten [&hellip;]<\/p>\n","protected":false},"author":2,"featured_media":0,"comment_status":"open","ping_status":"open","sticky":false,"template":"","format":"standard","meta":{"footnotes":""},"categories":[588,583],"tags":[],"class_list":["post-3394","post","type-post","status-publish","format-standard","hentry","category-notizen-von-ansprachen","category-rock-berlin"],"_links":{"self":[{"href":"https:\/\/bibellesen.jule-pape.de\/index.php?rest_route=\/wp\/v2\/posts\/3394","targetHints":{"allow":["GET"]}}],"collection":[{"href":"https:\/\/bibellesen.jule-pape.de\/index.php?rest_route=\/wp\/v2\/posts"}],"about":[{"href":"https:\/\/bibellesen.jule-pape.de\/index.php?rest_route=\/wp\/v2\/types\/post"}],"author":[{"embeddable":true,"href":"https:\/\/bibellesen.jule-pape.de\/index.php?rest_route=\/wp\/v2\/users\/2"}],"replies":[{"embeddable":true,"href":"https:\/\/bibellesen.jule-pape.de\/index.php?rest_route=%2Fwp%2Fv2%2Fcomments&post=3394"}],"version-history":[{"count":1,"href":"https:\/\/bibellesen.jule-pape.de\/index.php?rest_route=\/wp\/v2\/posts\/3394\/revisions"}],"predecessor-version":[{"id":3395,"href":"https:\/\/bibellesen.jule-pape.de\/index.php?rest_route=\/wp\/v2\/posts\/3394\/revisions\/3395"}],"wp:attachment":[{"href":"https:\/\/bibellesen.jule-pape.de\/index.php?rest_route=%2Fwp%2Fv2%2Fmedia&parent=3394"}],"wp:term":[{"taxonomy":"category","embeddable":true,"href":"https:\/\/bibellesen.jule-pape.de\/index.php?rest_route=%2Fwp%2Fv2%2Fcategories&post=3394"},{"taxonomy":"post_tag","embeddable":true,"href":"https:\/\/bibellesen.jule-pape.de\/index.php?rest_route=%2Fwp%2Fv2%2Ftags&post=3394"}],"curies":[{"name":"wp","href":"https:\/\/api.w.org\/{rel}","templated":true}]}}