
{"id":3358,"date":"2013-05-05T13:47:44","date_gmt":"2013-05-05T12:47:44","guid":{"rendered":"http:\/\/bibellesen.jule-pape.de\/?p=3358"},"modified":"2013-05-16T16:20:01","modified_gmt":"2013-05-16T15:20:01","slug":"wenn-jehvoa-sagt-ich-weis","status":"publish","type":"post","link":"https:\/\/bibellesen.jule-pape.de\/?p=3358","title":{"rendered":"wenn Jehvoa sagt &#8222;ich wei\u00df&#8220;"},"content":{"rendered":"<p>heute haben wir <strong>1. Mose 48<\/strong> behandelt, als es darum geht, wie Jakob die S\u00f6hne von Joseph segnet. <a href=\"http:\/\/blog.thomas-pape.de\/bibellesen\/1mose\/comment-page-5\/#comment-6590\" target=\"_blank\">Jakob segnet die beiden mit verschr\u00e4nkten Armen<\/a> und so bekommt der J\u00fcngere den Segen ab, der eigentlich dem \u00c4lteren zustand.<\/p>\n<p>Die Frage kam auf, was wohl jeder Einzelne hier empfindet?<\/p>\n<p>Wie mag sich wohl Jakob selbst gef\u00fchlt haben? Ob er dabei daran erinnert wurde, wie er selbst seinen eigenen Vater betrogen hatte? H\u00e4tte nicht Jehova auch bei ihm daf\u00fcr sorgen k\u00f6nnen, dass Isaak den richtigen Sohn segnet? W\u00e4re die List vielleicht garnicht n\u00f6tig gewesen?<\/p>\n<p>Ob sich Jospeh daran erinnert hatte, dass er selbst immer vorgezogen wurde? Nun zieht sein Vater den J\u00fcngeren vor.\u00a0 Warum?<\/p>\n<p>Wie reagiert Joseph? Ist er nur verwirrt, oder auch \u00e4rgerlich? Er zieht die Hand des Vaters von dem J\u00fcngeren zur\u00fcck &#8211; ein Unding in einer Zeit, wo man den Eltern Respekt schuldete.<\/p>\n<p>Sein Vater sagt: &#8222;Ich wei\u00df, ich wei\u00df&#8220;!<\/p>\n<p>Jakob wei\u00df, dass er dem J\u00fcngeren den Segen gibt, der nach Brauch eigentlich dem \u00c4lteren zustehen w\u00fcrde. Aber er tut es trotzdem, weil er von Jehovas Geist dazu geleitet wird.<\/p>\n<p>Oftmals verstehen auch wir nicht, was Jehova da gerade macht. Nach logischen Gesichtspunkten m\u00fcsste es nun ganz anders weitergehen, aber Jehova l\u00e4sst uns einen anderen Weg gehen. Auf unsere Nachfrage kommt dann auch: &#8222;Ich wei\u00df&#8220;. Wo k\u00f6nnte dies auf uns pers\u00f6nlich heute zutreffen?<\/p>\n<p>Einige Erfahrungen kamen zusammen und wir\u00a0 haben uns zur\u00fcckgehalten, das vor allen zu erz\u00e4hlen, wo es Jehova bei uns getan hat:<\/p>\n<p>Seit 7 Jahren haben wir versucht, wieder in unserer eigenen Gemeinde Fu\u00df zu fassen. Wir standen schon so dicht davor, als die \u00c4ltesten in Weissensee entschieden haben, dass wir wieder aufgenommen werden k\u00f6nnten. Aber dann im Januar vor einem Jahr der Schock: Prenzelberg stellt sich quer und nix ist. Auch Ende November letzten Jahres noch mal ein Besuch von Bruder Jama, gleiches Ergebnis.<\/p>\n<p>Wir dachten, Jehova wolle, dass wir wieder in die Versammlung der Zeugen Jehovas zur\u00fcckgehen. Aber scheinbar hat er f\u00fcr uns etwas anderes geplant und so hat er uns zu Nachbars geschickt. Einige Tage sp\u00e4ter haben wir dann von IHM den Grund erfahren:<\/p>\n<p>ER wollte nicht, dass wir wieder die Versammlung unterst\u00fctzen, sondern er wollte uns an anderer Stelle haben. Hier sind wir nun!<\/p>\n<p>&#8222;Ich wei\u00df, ich wei\u00df&#8220; &#8211; <em>Ich wei\u00df, ihr hattet erwartet, dahin zur\u00fcck zu k\u00f6nnen, wo man euch mit Intrigen entfernt hat.\u00a0 Aber ich habe mit euch etwas anderes vor. Ihr bekommt von mir eine andere Zuteilung. Fragt nicht gro\u00df nach, tut es einfach!<\/em><\/p>\n","protected":false},"excerpt":{"rendered":"<p>heute haben wir 1. Mose 48 behandelt, als es darum geht, wie Jakob die S\u00f6hne von Joseph segnet. Jakob segnet die beiden mit verschr\u00e4nkten Armen und so bekommt der J\u00fcngere den Segen ab, der eigentlich dem \u00c4lteren zustand. Die Frage kam auf, was wohl jeder Einzelne hier empfindet? Wie mag sich wohl Jakob selbst gef\u00fchlt [&hellip;]<\/p>\n","protected":false},"author":2,"featured_media":0,"comment_status":"open","ping_status":"open","sticky":false,"template":"","format":"standard","meta":{"footnotes":""},"categories":[588,583],"tags":[],"class_list":["post-3358","post","type-post","status-publish","format-standard","hentry","category-notizen-von-ansprachen","category-rock-berlin"],"_links":{"self":[{"href":"https:\/\/bibellesen.jule-pape.de\/index.php?rest_route=\/wp\/v2\/posts\/3358","targetHints":{"allow":["GET"]}}],"collection":[{"href":"https:\/\/bibellesen.jule-pape.de\/index.php?rest_route=\/wp\/v2\/posts"}],"about":[{"href":"https:\/\/bibellesen.jule-pape.de\/index.php?rest_route=\/wp\/v2\/types\/post"}],"author":[{"embeddable":true,"href":"https:\/\/bibellesen.jule-pape.de\/index.php?rest_route=\/wp\/v2\/users\/2"}],"replies":[{"embeddable":true,"href":"https:\/\/bibellesen.jule-pape.de\/index.php?rest_route=%2Fwp%2Fv2%2Fcomments&post=3358"}],"version-history":[{"count":3,"href":"https:\/\/bibellesen.jule-pape.de\/index.php?rest_route=\/wp\/v2\/posts\/3358\/revisions"}],"predecessor-version":[{"id":3379,"href":"https:\/\/bibellesen.jule-pape.de\/index.php?rest_route=\/wp\/v2\/posts\/3358\/revisions\/3379"}],"wp:attachment":[{"href":"https:\/\/bibellesen.jule-pape.de\/index.php?rest_route=%2Fwp%2Fv2%2Fmedia&parent=3358"}],"wp:term":[{"taxonomy":"category","embeddable":true,"href":"https:\/\/bibellesen.jule-pape.de\/index.php?rest_route=%2Fwp%2Fv2%2Fcategories&post=3358"},{"taxonomy":"post_tag","embeddable":true,"href":"https:\/\/bibellesen.jule-pape.de\/index.php?rest_route=%2Fwp%2Fv2%2Ftags&post=3358"}],"curies":[{"name":"wp","href":"https:\/\/api.w.org\/{rel}","templated":true}]}}