
{"id":3356,"date":"2013-04-28T13:43:34","date_gmt":"2013-04-28T12:43:34","guid":{"rendered":"http:\/\/bibellesen.jule-pape.de\/?p=3356"},"modified":"2013-05-16T16:20:17","modified_gmt":"2013-05-16T15:20:17","slug":"wieso-juda-ausgewahlt-wurde","status":"publish","type":"post","link":"https:\/\/bibellesen.jule-pape.de\/?p=3356","title":{"rendered":"Wieso Juda ausgew\u00e4hlt wurde"},"content":{"rendered":"<p>in der Ansprache ging es um Joseph und seine Br\u00fcder. Was empfand jeder einzelne, als sie sich am Hof des Pharao gegen\u00fcberstanden?<\/p>\n<p>Als es darum ging, dass Jakob Benjamin nicht ziehen lassen wollte, reagieren die S\u00f6hne unterschiedlich. Simeon sagt, Jakob k\u00f6nne ja dann einen seiner S\u00f6hne t\u00f6ten, falls Benjamin etwas geschieht.<\/p>\n<p>Juda stellt sich selbst zur Verf\u00fcgung &#8211; er will selbst sterben, falls Benjamin etwas geschehen sollte. So schattet er in gewisser Weise vor, was Jesus sp\u00e4ter f\u00fcr uns tut &#8211; er opfert sich selbst f\u00fcr andere.<\/p>\n<p>Juda zeigt damit, dass er den Gedanken des Vaters verstanden hat und demonstriert damit, dass er keinerlei Selbstsucht aufweist.<\/p>\n<p>Dies macht ihn dazu geeignet, ein Bindeglied zum Samen Gottes &#8211; zum Messias &#8211; zu sein!<\/p>\n","protected":false},"excerpt":{"rendered":"<p>in der Ansprache ging es um Joseph und seine Br\u00fcder. Was empfand jeder einzelne, als sie sich am Hof des Pharao gegen\u00fcberstanden? Als es darum ging, dass Jakob Benjamin nicht ziehen lassen wollte, reagieren die S\u00f6hne unterschiedlich. Simeon sagt, Jakob k\u00f6nne ja dann einen seiner S\u00f6hne t\u00f6ten, falls Benjamin etwas geschieht. Juda stellt sich selbst [&hellip;]<\/p>\n","protected":false},"author":2,"featured_media":0,"comment_status":"open","ping_status":"open","sticky":false,"template":"","format":"standard","meta":{"footnotes":""},"categories":[588,583],"tags":[],"class_list":["post-3356","post","type-post","status-publish","format-standard","hentry","category-notizen-von-ansprachen","category-rock-berlin"],"_links":{"self":[{"href":"https:\/\/bibellesen.jule-pape.de\/index.php?rest_route=\/wp\/v2\/posts\/3356","targetHints":{"allow":["GET"]}}],"collection":[{"href":"https:\/\/bibellesen.jule-pape.de\/index.php?rest_route=\/wp\/v2\/posts"}],"about":[{"href":"https:\/\/bibellesen.jule-pape.de\/index.php?rest_route=\/wp\/v2\/types\/post"}],"author":[{"embeddable":true,"href":"https:\/\/bibellesen.jule-pape.de\/index.php?rest_route=\/wp\/v2\/users\/2"}],"replies":[{"embeddable":true,"href":"https:\/\/bibellesen.jule-pape.de\/index.php?rest_route=%2Fwp%2Fv2%2Fcomments&post=3356"}],"version-history":[{"count":2,"href":"https:\/\/bibellesen.jule-pape.de\/index.php?rest_route=\/wp\/v2\/posts\/3356\/revisions"}],"predecessor-version":[{"id":3380,"href":"https:\/\/bibellesen.jule-pape.de\/index.php?rest_route=\/wp\/v2\/posts\/3356\/revisions\/3380"}],"wp:attachment":[{"href":"https:\/\/bibellesen.jule-pape.de\/index.php?rest_route=%2Fwp%2Fv2%2Fmedia&parent=3356"}],"wp:term":[{"taxonomy":"category","embeddable":true,"href":"https:\/\/bibellesen.jule-pape.de\/index.php?rest_route=%2Fwp%2Fv2%2Fcategories&post=3356"},{"taxonomy":"post_tag","embeddable":true,"href":"https:\/\/bibellesen.jule-pape.de\/index.php?rest_route=%2Fwp%2Fv2%2Ftags&post=3356"}],"curies":[{"name":"wp","href":"https:\/\/api.w.org\/{rel}","templated":true}]}}