
{"id":3196,"date":"2012-11-16T23:38:42","date_gmt":"2012-11-16T22:38:42","guid":{"rendered":"http:\/\/bibellesen.jule-pape.de\/?p=3196"},"modified":"2013-03-23T11:09:27","modified_gmt":"2013-03-23T10:09:27","slug":"die-ganze-nacht-gekampft-jakob-ringt-mit-dem-engel-gottes","status":"publish","type":"post","link":"https:\/\/bibellesen.jule-pape.de\/?p=3196","title":{"rendered":"Die ganze Nacht gek\u00e4mpft &#8211; Jakob ringt mit dem Engel Gottes"},"content":{"rendered":"<div id=\"bibelvers\">Vorletzer Sonntag des Kirchenjahres<br \/>\nWir m\u00fcssen alle offenbar werden vor dem Richterstuhl Christi.<br \/>\n(Aus dem 2. Korintherbrief Kapitel 5, Vers 10)<\/div>\n<p><b>Liebe Zuschauerinnen und Zuschauer,<\/b><\/p>\n<p>bald ist wieder Bu\u00df- und Bettag.<\/p>\n<p>Das h\u00f6rt sich irgendwie nach Arbeit an. Fr\u00fcher konnte man an diesem Tag wenigstens noch ausschlafen. Aber heute muss man nicht nur arbeiten, man soll auch noch beten und b\u00fc\u00dfen. Wer hat auf so etwas Lust?<\/p>\n<p>Nat\u00fcrlich niemand. Aber wir arbeiten an der Bu\u00dfe ja auch nicht allein. Jemand ist bei uns. Sehr gut sehen kann man das bei Jakob, dem L\u00fcgner und Betr\u00fcger. In der Nacht, bevor er seinen Bruder Esau wiedertrifft, den er betrogen hat, hat er begreiflicherweise Angst.<\/p>\n<p>Dann passiert etwas Seltsames: Ein Mann kommt zu ihm und k\u00e4mpft mit ihm, die ganze Nacht hindurch. Am n\u00e4chsten Morgen will der Mann gehen, aber Jakob l\u00e4sst ihn nicht los. Er wei\u00df, dass es kein gew\u00f6hnlicher Mensch ist, mit dem er ringt. Und Jakob sagt zu dem Mann den ber\u00fchmten Satz (1. Mo. 32,27):<\/p>\n<p><center><b>Ich lasse dich nicht, du segnest mich denn.<\/b><\/center><br \/>\nEigentlich klingt das sehr nach Arbeit, oder? Aber jetzt schauen Sie sich mal an, wie Rembrandt diesen Kampf dargestellt hat, <a href=\"https:\/\/webmailerng.1und1.de\/trinity-rms-web\/redirect.html?goto=http%3A%2F%2Fr.backclick.de%2Fbc%2Fservlet%2Frl%3Fr%3DAQAAAA8AAJGTALoiPgAA9UROqQ\" target=\"_blank\">hier auf diesem Bild.<\/a><\/p>\n<p>Sie sehen, dass der Engel den ringenden Jakob im Arm h\u00e4lt. Er hat ihn fest im Griff, ja. Aber so, wie eine Mutter ihr Kind fest im Griff hat. Er schaut Jakob auch an wie eine Mutter.<\/p>\n<p>Ringen Sie manchmal auch mit Gott? Dann schauen Sie sich das Bild genau an, besonders am Bu\u00df- und Bettag. Es geht hier nicht nur darum, dass wir Gott im Blick haben und Bu\u00dfe tun. Bu\u00dfe bedeutet auch, sich von Gott festhalten und anschauen zu lassen.<\/p>\n","protected":false},"excerpt":{"rendered":"<p>Vorletzer Sonntag des Kirchenjahres Wir m\u00fcssen alle offenbar werden vor dem Richterstuhl Christi. (Aus dem 2. Korintherbrief Kapitel 5, Vers 10) Liebe Zuschauerinnen und Zuschauer, bald ist wieder Bu\u00df- und Bettag. Das h\u00f6rt sich irgendwie nach Arbeit an. Fr\u00fcher konnte man an diesem Tag wenigstens noch ausschlafen. Aber heute muss man nicht nur arbeiten, man [&hellip;]<\/p>\n","protected":false},"author":2,"featured_media":0,"comment_status":"open","ping_status":"open","sticky":false,"template":"","format":"standard","meta":{"footnotes":""},"categories":[581],"tags":[],"class_list":["post-3196","post","type-post","status-publish","format-standard","hentry","category-bibeltv-news"],"_links":{"self":[{"href":"https:\/\/bibellesen.jule-pape.de\/index.php?rest_route=\/wp\/v2\/posts\/3196","targetHints":{"allow":["GET"]}}],"collection":[{"href":"https:\/\/bibellesen.jule-pape.de\/index.php?rest_route=\/wp\/v2\/posts"}],"about":[{"href":"https:\/\/bibellesen.jule-pape.de\/index.php?rest_route=\/wp\/v2\/types\/post"}],"author":[{"embeddable":true,"href":"https:\/\/bibellesen.jule-pape.de\/index.php?rest_route=\/wp\/v2\/users\/2"}],"replies":[{"embeddable":true,"href":"https:\/\/bibellesen.jule-pape.de\/index.php?rest_route=%2Fwp%2Fv2%2Fcomments&post=3196"}],"version-history":[{"count":2,"href":"https:\/\/bibellesen.jule-pape.de\/index.php?rest_route=\/wp\/v2\/posts\/3196\/revisions"}],"predecessor-version":[{"id":3244,"href":"https:\/\/bibellesen.jule-pape.de\/index.php?rest_route=\/wp\/v2\/posts\/3196\/revisions\/3244"}],"wp:attachment":[{"href":"https:\/\/bibellesen.jule-pape.de\/index.php?rest_route=%2Fwp%2Fv2%2Fmedia&parent=3196"}],"wp:term":[{"taxonomy":"category","embeddable":true,"href":"https:\/\/bibellesen.jule-pape.de\/index.php?rest_route=%2Fwp%2Fv2%2Fcategories&post=3196"},{"taxonomy":"post_tag","embeddable":true,"href":"https:\/\/bibellesen.jule-pape.de\/index.php?rest_route=%2Fwp%2Fv2%2Ftags&post=3196"}],"curies":[{"name":"wp","href":"https:\/\/api.w.org\/{rel}","templated":true}]}}