
{"id":3194,"date":"2012-11-23T23:37:50","date_gmt":"2012-11-23T22:37:50","guid":{"rendered":"http:\/\/bibellesen.jule-pape.de\/?p=3194"},"modified":"2013-03-18T23:38:25","modified_gmt":"2013-03-18T22:38:25","slug":"die-beste-zeitung-die-bibel","status":"publish","type":"post","link":"https:\/\/bibellesen.jule-pape.de\/?p=3194","title":{"rendered":"Die beste Zeitung &#8211; die Bibel!"},"content":{"rendered":"<div id=\"bibelvers\">Ewigkeitssonntag<br \/>\nLasst eure Lenden umg\u00fcrtet sein und eure Lichter brennen.<br \/>\n(Lukasevangelium Kapitel 12, Vers 35)<\/div>\n<p><b>Liebe Zuschauerinnen und Zuschauer,<\/b><\/p>\n<p>am Ewigkeitssonntag geht es vor allem um das Leben nach dem Tod.<\/p>\n<p>Gestern habe ich bis sp\u00e4t in die Nacht in Blogs und Foren gelesen, weil mich das Sterben der Zeitungen \u201eFinancial Times Deutschland\u201c und der \u201eFrankfurter Rundschau\u201c besch\u00e4ftigt.<\/p>\n<p>Entsetzen macht sich breit. Das ist ein Schlag f\u00fcr die Demokratie! Unsere Presselandschaft ver\u00f6det! Wer soll jetzt noch unabh\u00e4ngig berichten? Wie sollen die Menschen sich informieren?<\/p>\n<p>Es gibt noch zahlreiche andere Zeitungen, denen das Gesch\u00e4ftsmodell wegbricht. Ich glaube, dass viele Zeitungen auch an ihrer Arroganz gegen\u00fcber den Lesern scheitern.<\/p>\n<p>Irgendwann gestern Nacht fiel mir dann auf, dass es eine Zeitung gibt, die alle Probleme der heutigen Zeitungen gel\u00f6st hat:<\/p>\n<p>Sie ist immer aktuell, sie berichtet unbestechlich, sie sagt uns immer die Wahrheit, sie enth\u00e4lt die wichtigsten Nachrichten \u00fcberhaupt. In ihr kommen Menschen wie Du und ich zu Wort. Noch besser: Ich komme darin vor. Ich bin mittendrin im Geschehen.<\/p>\n<p>Und diese Zeitung ist \u00fcberhaupt nicht arrogant. Es spielt keine Rolle, ob dahinter ein kluger Kopf steckt oder ob ich mehr wei\u00df als andere. Diese Zeitung nimmt meine \u00c4ngste und Hoffnungen ernst.<\/p>\n<p>Und jetzt halten Sie sich fest: Diese Zeitung bringen wir ins Fernsehen, schon seit zehn Jahren!<\/p>\n<p><b>Zeitungen sterben, Jesus lebt!<\/b><\/p>\n<p>Ich w\u00fcnsche Ihnen einen segensreichen Ewigkeitssonntag!<\/p>\n","protected":false},"excerpt":{"rendered":"<p>Ewigkeitssonntag Lasst eure Lenden umg\u00fcrtet sein und eure Lichter brennen. (Lukasevangelium Kapitel 12, Vers 35) Liebe Zuschauerinnen und Zuschauer, am Ewigkeitssonntag geht es vor allem um das Leben nach dem Tod. Gestern habe ich bis sp\u00e4t in die Nacht in Blogs und Foren gelesen, weil mich das Sterben der Zeitungen \u201eFinancial Times Deutschland\u201c und der [&hellip;]<\/p>\n","protected":false},"author":2,"featured_media":0,"comment_status":"open","ping_status":"open","sticky":false,"template":"","format":"standard","meta":{"footnotes":""},"categories":[581],"tags":[],"class_list":["post-3194","post","type-post","status-publish","format-standard","hentry","category-bibeltv-news"],"_links":{"self":[{"href":"https:\/\/bibellesen.jule-pape.de\/index.php?rest_route=\/wp\/v2\/posts\/3194","targetHints":{"allow":["GET"]}}],"collection":[{"href":"https:\/\/bibellesen.jule-pape.de\/index.php?rest_route=\/wp\/v2\/posts"}],"about":[{"href":"https:\/\/bibellesen.jule-pape.de\/index.php?rest_route=\/wp\/v2\/types\/post"}],"author":[{"embeddable":true,"href":"https:\/\/bibellesen.jule-pape.de\/index.php?rest_route=\/wp\/v2\/users\/2"}],"replies":[{"embeddable":true,"href":"https:\/\/bibellesen.jule-pape.de\/index.php?rest_route=%2Fwp%2Fv2%2Fcomments&post=3194"}],"version-history":[{"count":1,"href":"https:\/\/bibellesen.jule-pape.de\/index.php?rest_route=\/wp\/v2\/posts\/3194\/revisions"}],"predecessor-version":[{"id":3195,"href":"https:\/\/bibellesen.jule-pape.de\/index.php?rest_route=\/wp\/v2\/posts\/3194\/revisions\/3195"}],"wp:attachment":[{"href":"https:\/\/bibellesen.jule-pape.de\/index.php?rest_route=%2Fwp%2Fv2%2Fmedia&parent=3194"}],"wp:term":[{"taxonomy":"category","embeddable":true,"href":"https:\/\/bibellesen.jule-pape.de\/index.php?rest_route=%2Fwp%2Fv2%2Fcategories&post=3194"},{"taxonomy":"post_tag","embeddable":true,"href":"https:\/\/bibellesen.jule-pape.de\/index.php?rest_route=%2Fwp%2Fv2%2Ftags&post=3194"}],"curies":[{"name":"wp","href":"https:\/\/api.w.org\/{rel}","templated":true}]}}