
{"id":3188,"date":"2012-12-28T23:35:09","date_gmt":"2012-12-28T22:35:09","guid":{"rendered":"http:\/\/bibellesen.jule-pape.de\/?p=3188"},"modified":"2013-03-18T23:35:41","modified_gmt":"2013-03-18T22:35:41","slug":"wer-hat-hier-geburtstag","status":"publish","type":"post","link":"https:\/\/bibellesen.jule-pape.de\/?p=3188","title":{"rendered":"Wer hat hier Geburtstag?"},"content":{"rendered":"<div id=\"bibelvers\">1. Sonntag nach Weihnachten<br \/>\nDas Wort ward Fleisch und wohnte unter uns und wir sahen seine Herrlichkeit.<br \/>\n(aus dem Johannesevangelium Kapitel 1, Vers 14)<\/div>\n<p><b>Liebe Zuschauerinnen und Zuschauer,<\/b><\/p>\n<p>als ich klein war, hat sich mir besonders ein Weihnachtsbrauch besonders eingepr\u00e4gt: meine Gro\u00dfmutter hatte am 24. Dezember Geburtstag, und wir sangen ihr morgens immer das Lied \u201eIch steh&#8216; an deiner Krippe hier\u201c von Paul Gerhardt.<\/p>\n<p>Ich fand das irgendwie merkw\u00fcrdig. Schlie\u00dflich galt das Lied doch eigentlich Jesus und nicht meiner Gro\u00dfmutter. Es war sein Geburtstagslied.<\/p>\n<p>Er bekam dabei sogar was geschenkt. So wurde es zumindest in der ersten Strophe gesungen:<\/p>\n<p>ich komme, bring&#8216; und schenke dir,<br \/>\nwas du mir hast gegeben.<br \/>\nNimm hin, es ist mein Geist und Sinn,<br \/>\nHerz, Seel und Mut nimm alles hin,<br \/>\nund lass dirs wohl gefallen.<\/p>\n<p>Komisch, das Geschenk war ich selbst, ich, der da an der Krippe steht und singt. Das fand ich noch merkw\u00fcrdiger! In den letzten Strophen wurde es noch seltsamer.<\/p>\n<p>So la\u00df mich doch dein Kripplein sein,<br \/>\nkomm, komm und lege bei mir ein<br \/>\ndich und all deine Freuden.<\/p>\n<p>Was das alles sollte, habe ich damals nicht verstanden. Aber mir ging schon auf, dass dieser Jesus sehr viel mit mir und meiner Gro\u00dfmutter zu tun hatte.<\/p>\n<p>Inzwischen finde ich diesen Brauch sehr sinnreich: Denn irgendwie ist der Geburtstag von Jesus auch mein Geburtstag. Weil er sich in diese kaputte Welt hineinbegeben hat, habe ich \u00fcberhaupt erst angefangen zu leben.<\/p>\n<p>Ich w\u00fcnsche Ihnen weiterhin eine segensreiche Weihnachtszeit!<\/p>\n","protected":false},"excerpt":{"rendered":"<p>1. Sonntag nach Weihnachten Das Wort ward Fleisch und wohnte unter uns und wir sahen seine Herrlichkeit. (aus dem Johannesevangelium Kapitel 1, Vers 14) Liebe Zuschauerinnen und Zuschauer, als ich klein war, hat sich mir besonders ein Weihnachtsbrauch besonders eingepr\u00e4gt: meine Gro\u00dfmutter hatte am 24. Dezember Geburtstag, und wir sangen ihr morgens immer das Lied [&hellip;]<\/p>\n","protected":false},"author":2,"featured_media":0,"comment_status":"open","ping_status":"open","sticky":false,"template":"","format":"standard","meta":{"footnotes":""},"categories":[581],"tags":[],"class_list":["post-3188","post","type-post","status-publish","format-standard","hentry","category-bibeltv-news"],"_links":{"self":[{"href":"https:\/\/bibellesen.jule-pape.de\/index.php?rest_route=\/wp\/v2\/posts\/3188","targetHints":{"allow":["GET"]}}],"collection":[{"href":"https:\/\/bibellesen.jule-pape.de\/index.php?rest_route=\/wp\/v2\/posts"}],"about":[{"href":"https:\/\/bibellesen.jule-pape.de\/index.php?rest_route=\/wp\/v2\/types\/post"}],"author":[{"embeddable":true,"href":"https:\/\/bibellesen.jule-pape.de\/index.php?rest_route=\/wp\/v2\/users\/2"}],"replies":[{"embeddable":true,"href":"https:\/\/bibellesen.jule-pape.de\/index.php?rest_route=%2Fwp%2Fv2%2Fcomments&post=3188"}],"version-history":[{"count":1,"href":"https:\/\/bibellesen.jule-pape.de\/index.php?rest_route=\/wp\/v2\/posts\/3188\/revisions"}],"predecessor-version":[{"id":3189,"href":"https:\/\/bibellesen.jule-pape.de\/index.php?rest_route=\/wp\/v2\/posts\/3188\/revisions\/3189"}],"wp:attachment":[{"href":"https:\/\/bibellesen.jule-pape.de\/index.php?rest_route=%2Fwp%2Fv2%2Fmedia&parent=3188"}],"wp:term":[{"taxonomy":"category","embeddable":true,"href":"https:\/\/bibellesen.jule-pape.de\/index.php?rest_route=%2Fwp%2Fv2%2Fcategories&post=3188"},{"taxonomy":"post_tag","embeddable":true,"href":"https:\/\/bibellesen.jule-pape.de\/index.php?rest_route=%2Fwp%2Fv2%2Ftags&post=3188"}],"curies":[{"name":"wp","href":"https:\/\/api.w.org\/{rel}","templated":true}]}}