
{"id":2979,"date":"2012-12-08T00:40:18","date_gmt":"2012-12-07T23:40:18","guid":{"rendered":"http:\/\/bibellesen.jule-pape.de\/?p=2979"},"modified":"2013-03-18T12:15:13","modified_gmt":"2013-03-18T11:15:13","slug":"was-fur-einen-geist-bekunden-wir","status":"publish","type":"post","link":"https:\/\/bibellesen.jule-pape.de\/?p=2979","title":{"rendered":"Was f\u00fcr einen Geist bekunden wir"},"content":{"rendered":"<p>&#8222;sich um einen Geist zu bem\u00fchen, der dem Willen Gottes und der christlichen Pers\u00f6nlichkeit entsprach&#8220;<\/p>\n<p>&#8222;jeder von uns eine \u201eBlume\u201c sein, die zur Sch\u00f6nheit der ganzen Versammlung beitr\u00e4gt&#8220;<\/p>\n<p>&#8222;Der Geist der Welt oder ihre Gesinnung ist die hier angesprochene \u201eLuft\u201c. Dieser Geist umgibt uns wie Luft. Er ist \u00fcberall. Oft zeigt er sich in der Einstellung: \u201eIch lass mir von niemandem etwas vorschreiben\u201c, oder: \u201eMan muss um sein Recht k\u00e4mpfen!\u201c&#8220;<\/p>\n<p>&#8222;wie man in der Welt reagieren w\u00fcrde: vehement \u201eGerechtigkeit\u201c zu fordern oder zu verlangen, dass gegen den Bruder etwas unternommen wird&#8220;<\/p>\n<p>&#8222;Jesus kann sie so lenken, wie er m\u00f6chte (Offb. 1:16, 20). Als Haupt der Christenversammlung beaufsichtigt er also die \u00c4ltestenschaften. Falls ein \u00c4ltester zurechtgebracht werden muss, sorgt Jesus als derjenige, der \u201eAugen wie eine Feuerflamme\u201c hat, daf\u00fcr, dass es geschieht \u2014 und zwar zu der von ihm bestimmten Zeit und auf seine Weise (Offb. 1:14)&#8220;<\/p>\n<p>&#8222;Wer den Frieden der Versammlung aufs Spiel setzt, nur um sich zu rechtfertigen, erreicht jedoch eher das Gegenteil dessen, was er sich w\u00fcnscht.&#8220;<\/p>\n<p>&#8222;der junge David bewahrte trotz aller Ungerechtigkeit, unter der er zu leiden hatte, Respekt vor der von Gott \u00fcbertragenen Amtsgewalt&#8220;<\/p>\n<p>&#8222;Wer beleidigt worden ist, kann zum Beispiel viel Gutes bewirken, wenn er sich vers\u00f6hnlich zeigt&#8220;<\/p>\n<p>(Was f\u00fcr einen Geist bekunden wir)<\/p>\n","protected":false},"excerpt":{"rendered":"<p>&#8222;sich um einen Geist zu bem\u00fchen, der dem Willen Gottes und der christlichen Pers\u00f6nlichkeit entsprach&#8220; &#8222;jeder von uns eine \u201eBlume\u201c sein, die zur Sch\u00f6nheit der ganzen Versammlung beitr\u00e4gt&#8220; &#8222;Der Geist der Welt oder ihre Gesinnung ist die hier angesprochene \u201eLuft\u201c. Dieser Geist umgibt uns wie Luft. Er ist \u00fcberall. Oft zeigt er sich in der [&hellip;]<\/p>\n","protected":false},"author":2,"featured_media":0,"comment_status":"open","ping_status":"open","sticky":false,"template":"","format":"standard","meta":{"footnotes":""},"categories":[577],"tags":[],"class_list":["post-2979","post","type-post","status-publish","format-standard","hentry","category-studienartikel"],"_links":{"self":[{"href":"https:\/\/bibellesen.jule-pape.de\/index.php?rest_route=\/wp\/v2\/posts\/2979","targetHints":{"allow":["GET"]}}],"collection":[{"href":"https:\/\/bibellesen.jule-pape.de\/index.php?rest_route=\/wp\/v2\/posts"}],"about":[{"href":"https:\/\/bibellesen.jule-pape.de\/index.php?rest_route=\/wp\/v2\/types\/post"}],"author":[{"embeddable":true,"href":"https:\/\/bibellesen.jule-pape.de\/index.php?rest_route=\/wp\/v2\/users\/2"}],"replies":[{"embeddable":true,"href":"https:\/\/bibellesen.jule-pape.de\/index.php?rest_route=%2Fwp%2Fv2%2Fcomments&post=2979"}],"version-history":[{"count":3,"href":"https:\/\/bibellesen.jule-pape.de\/index.php?rest_route=\/wp\/v2\/posts\/2979\/revisions"}],"predecessor-version":[{"id":3162,"href":"https:\/\/bibellesen.jule-pape.de\/index.php?rest_route=\/wp\/v2\/posts\/2979\/revisions\/3162"}],"wp:attachment":[{"href":"https:\/\/bibellesen.jule-pape.de\/index.php?rest_route=%2Fwp%2Fv2%2Fmedia&parent=2979"}],"wp:term":[{"taxonomy":"category","embeddable":true,"href":"https:\/\/bibellesen.jule-pape.de\/index.php?rest_route=%2Fwp%2Fv2%2Fcategories&post=2979"},{"taxonomy":"post_tag","embeddable":true,"href":"https:\/\/bibellesen.jule-pape.de\/index.php?rest_route=%2Fwp%2Fv2%2Ftags&post=2979"}],"curies":[{"name":"wp","href":"https:\/\/api.w.org\/{rel}","templated":true}]}}