
{"id":2973,"date":"2012-12-05T20:43:00","date_gmt":"2012-12-05T19:43:00","guid":{"rendered":"http:\/\/bibellesen.jule-pape.de\/?p=2973"},"modified":"2013-03-28T10:33:57","modified_gmt":"2013-03-28T09:33:57","slug":"jeremia-hatte-es-nicht-leicht-aber-er-redete-offen-gottes-wort","status":"publish","type":"post","link":"https:\/\/bibellesen.jule-pape.de\/?p=2973","title":{"rendered":"Jeremia hatte es nicht leicht, aber er redete offen Gottes Wort"},"content":{"rendered":"<p>&#8220; Als im 18. Jahr Josias der Tempel ausgebessert wurde, fand der Hohe Priester \u201edas Buch des Gesetzes\u201c&#8220; &#8211; Zu der Zeit diente Jeremia also bereits 5 Jahre als Prophet. Er war also dabei, als die Buchrolle gefunden und mit dem G\u00f6tzendienst aufger\u00e4umt wurde <\/p>\n<p>&#8222;Dabei&#8220; &#8211; Hatte er denn keinen pers\u00f6nlichen Kontakt zu Jeremia?<br \/>\nWo befindet sich Jeremia zu dieser Zeit, dass er dies erst aus der Buchrolle erf\u00e4hrt? Hatte denn Jeremia nixht bereits 5 Jahre prophezeit? <\/p>\n<p>&#8222;genauso wie er das mit der Stiftsh\u00fctte in Silo zur Zeit des Hohen Priesters Eli getan hatte. Auch von den Heuchlern, die darin beteten, w\u00fcrde er sich zur\u00fcckziehen&#8220; &#8211; Soviel zz dem Thema, dass Ramona auch weiterhin den Segen Jehovas hat &#8211; weil sie ein Glied der Versammlung ist <\/p>\n<p>&#8222;sprach er in aller \u00d6ffentlichkeit vor prominenten, einflussreichen Leuten&#8220; &#8211; Er hatte keine Angst vor Konsequenzen. Von daher ist es gut, dass wir nicht wieder aufgenommen werden, denn so muss ich keine Angst haben vor Konsequenzen und kann ganz offen sagen, was ich in Gottes Wort lese <\/p>\n<p>&#8222;Jeremias Gegner tobten: \u201eDiesem Mann geb\u00fchrt das Todesurteil.\u201c (Lies Jeremia 26:8-11.)&#8220; &#8211; Das hat die Prenzelbervef Versammlung \u00fcber uns 2006 verh\u00e4ngt und ist scheinbar auch nicht bereit, es jemals wieder aufzuheben <\/p>\n<p>&#8222;Auch wenn die Feinde noch so zahlreich waren, Jeremia lie\u00df sich von ihnen keine Angst einjagen. Machen wir es ihm nach.&#8220; &#8211; Das tun wir &#8211; aber wir tragen auch die Konsequenzen <\/p>\n<p>(Was Gott uns durch Jeremia sagen l\u00e4sst)<\/p>\n","protected":false},"excerpt":{"rendered":"<p>&#8220; Als im 18. Jahr Josias der Tempel ausgebessert wurde, fand der Hohe Priester \u201edas Buch des Gesetzes\u201c&#8220; &#8211; Zu der Zeit diente Jeremia also bereits 5 Jahre als Prophet. Er war also dabei, als die Buchrolle gefunden und mit dem G\u00f6tzendienst aufger\u00e4umt wurde &#8222;Dabei&#8220; &#8211; Hatte er denn keinen pers\u00f6nlichen Kontakt zu Jeremia? Wo [&hellip;]<\/p>\n","protected":false},"author":2,"featured_media":0,"comment_status":"open","ping_status":"open","sticky":false,"template":"","format":"standard","meta":{"footnotes":""},"categories":[574,585],"tags":[],"class_list":["post-2973","post","type-post","status-publish","format-standard","hentry","category-bucher","category-der-gesellschaft"],"_links":{"self":[{"href":"https:\/\/bibellesen.jule-pape.de\/index.php?rest_route=\/wp\/v2\/posts\/2973","targetHints":{"allow":["GET"]}}],"collection":[{"href":"https:\/\/bibellesen.jule-pape.de\/index.php?rest_route=\/wp\/v2\/posts"}],"about":[{"href":"https:\/\/bibellesen.jule-pape.de\/index.php?rest_route=\/wp\/v2\/types\/post"}],"author":[{"embeddable":true,"href":"https:\/\/bibellesen.jule-pape.de\/index.php?rest_route=\/wp\/v2\/users\/2"}],"replies":[{"embeddable":true,"href":"https:\/\/bibellesen.jule-pape.de\/index.php?rest_route=%2Fwp%2Fv2%2Fcomments&post=2973"}],"version-history":[{"count":3,"href":"https:\/\/bibellesen.jule-pape.de\/index.php?rest_route=\/wp\/v2\/posts\/2973\/revisions"}],"predecessor-version":[{"id":3281,"href":"https:\/\/bibellesen.jule-pape.de\/index.php?rest_route=\/wp\/v2\/posts\/2973\/revisions\/3281"}],"wp:attachment":[{"href":"https:\/\/bibellesen.jule-pape.de\/index.php?rest_route=%2Fwp%2Fv2%2Fmedia&parent=2973"}],"wp:term":[{"taxonomy":"category","embeddable":true,"href":"https:\/\/bibellesen.jule-pape.de\/index.php?rest_route=%2Fwp%2Fv2%2Fcategories&post=2973"},{"taxonomy":"post_tag","embeddable":true,"href":"https:\/\/bibellesen.jule-pape.de\/index.php?rest_route=%2Fwp%2Fv2%2Ftags&post=2973"}],"curies":[{"name":"wp","href":"https:\/\/api.w.org\/{rel}","templated":true}]}}