
{"id":2954,"date":"2012-11-30T21:25:23","date_gmt":"2012-11-30T20:25:23","guid":{"rendered":"http:\/\/bibellesen.jule-pape.de\/?p=2954"},"modified":"2013-03-28T10:32:46","modified_gmt":"2013-03-28T09:32:46","slug":"gottes-tausendjahriges-konigreich-hat-sich-genaht-1973","status":"publish","type":"post","link":"https:\/\/bibellesen.jule-pape.de\/?p=2954","title":{"rendered":"Gottes tausendj\u00e4hriges K\u00f6nigreich hat sich genaht (1973)"},"content":{"rendered":"<p>&#8222;Ich sah auch die Seelen der Menschen, die hingerichtet worden waren, weil sie \u00f6ffentlich f\u00fcr Jesus und das Wort Gottes eingetreten waren. Sie hatten weder das Tier noch sein Standbild verehrt. Sie trugen auch nicht das Kennzeichen des Tiers auf ihrer Stirn oder ihrer Hand. Zusammen mit Christus lebten und herrschten sie tausend Jahre lang als K\u00f6nige. (Die \u00fcbrigen Toten wurden erst wieder lebendig, als die tausend Jahre um waren.) &#8220; &#8211; bvedeuten diese MenSchen nur die Gesalbten? Die werden doch seit Jesu Gegenwart drekt mit dem Tod zu himmlischen Leben aufefweckt.<br \/>\nBedeuter dies, dass zuerst nur de Treuen auferweckt werden?<br \/>\nAber wuerde die Schlusspruefung nach den tausend Jahren nicht alle betreffen?<\/p>\n<p>&#8222;Sie werden tausend Jahre mit Christus regieren und dann bis in alle Ewigkeit weiterleben, denn bei ihrer Auferstehung von den Toten werden sie mit Unsterblichkeit bekleidet. (1. Korinther 15:50-57) &#8220; &#8211; Und was ist nach den tausend Jahren? Was wird dann mit ihnen sein, wqs werden sie dann tun?<\/p>\n<p>&#8222;) H\u00f6rt sich alles das so an, als w\u00fcrde die Macht und der Einflu\u00df Satans gegen\u00fcber Christen nach ihrer Wassertaufe merklich abnehmen? Ist das eine Fesselung Satans?&#8220; &#8211; Das w\u00e4re ja auch unlogisch, denn es werden ja nicht alle zeitgleich getauft. Wie soll das denn funktionieren, dass man mit seiner Taufe den Einfluss Satans schm\u00e4lert? Das w\u00e4re ja dann eine subjektive Angelegenheit<\/p>\n<p>&#8222;Die treuen 144 000 K\u00f6nigreichserben geh\u00f6ren nicht zu diesen \u201eNationen\u201c der bewohnten Erde, die irregef\u00fchrt werden. Dadurch, da\u00df Satan, der Teufel, und seine D\u00e4monenengel gebunden und in den Abgrund geworfen werden, soll verhindert werden, da\u00df die \u201eNationen\u201c \u2014 nicht die 144 000, die an der \u201eersten Auferstehung\u201c teilhaben \u2014 noch weiter in die Irre gef\u00fchrt werden.&#8220; &#8211; Soll das bedeuten, dass die Gesalbten nach ihrer Berufung nichf mehr abwendig gemacht werden k\u00f6nnen? Aber warum hei\u00dft es dann, dass untreue ersetzt werden w\u00fcrden?<\/p>\n<p>&#8222;allm\u00e4hlich&#8220;<\/p>\n<p>&#8222;von Gottes vollkommenem Standpunkt aus wirklich&#8220;<\/p>\n<p>&#8222;Heute, in dem Zeitalter, in dem die Menschheit in bezug auf wissenschaftliche Erkenntnisse einen H\u00f6hepunkt erreicht hat, werden die weltlichen \u201eNationen\u201c irregef\u00fchrt wie nie zuvor, und die Folgen sind ebenfalls schwerwiegender denn je.&#8220;<\/p>\n<p>&#8222;Da er um seine Herrschaft \u00fcber diese Welt f\u00fcrchtete, versuchte er, den kleinen Jesus \u2014 einige Zeit nachdem er im Tempel zu Jerusalem dargestellt worden war \u2014 t\u00f6ten zu lassen, und zwar durch den mi\u00dftrauischen K\u00f6nig Herodes den Gro\u00dfen. &#8220;<\/p>\n<p>&#8222;Ihre Aufgabe, das K\u00f6nigreich friedlich unter allen Nationen zu predigen, gestattete ihnen nicht, sich in die Politik der Welt und in deren Kriege einzumischen.&#8220;<\/p>\n<p>&#8222;nicht befugt oder erm\u00e4chtigt&#8220;<\/p>\n<p>&#8222;keine irdische&#8220;<\/p>\n<p>(Gottes tausendj\u00e4hriges K\u00f6nigreich hat sich genaht (1973))<\/p>\n","protected":false},"excerpt":{"rendered":"<p>&#8222;Ich sah auch die Seelen der Menschen, die hingerichtet worden waren, weil sie \u00f6ffentlich f\u00fcr Jesus und das Wort Gottes eingetreten waren. Sie hatten weder das Tier noch sein Standbild verehrt. Sie trugen auch nicht das Kennzeichen des Tiers auf ihrer Stirn oder ihrer Hand. Zusammen mit Christus lebten und herrschten sie tausend Jahre lang [&hellip;]<\/p>\n","protected":false},"author":2,"featured_media":0,"comment_status":"open","ping_status":"open","sticky":false,"template":"","format":"standard","meta":{"footnotes":""},"categories":[574,585],"tags":[],"class_list":["post-2954","post","type-post","status-publish","format-standard","hentry","category-bucher","category-der-gesellschaft"],"_links":{"self":[{"href":"https:\/\/bibellesen.jule-pape.de\/index.php?rest_route=\/wp\/v2\/posts\/2954","targetHints":{"allow":["GET"]}}],"collection":[{"href":"https:\/\/bibellesen.jule-pape.de\/index.php?rest_route=\/wp\/v2\/posts"}],"about":[{"href":"https:\/\/bibellesen.jule-pape.de\/index.php?rest_route=\/wp\/v2\/types\/post"}],"author":[{"embeddable":true,"href":"https:\/\/bibellesen.jule-pape.de\/index.php?rest_route=\/wp\/v2\/users\/2"}],"replies":[{"embeddable":true,"href":"https:\/\/bibellesen.jule-pape.de\/index.php?rest_route=%2Fwp%2Fv2%2Fcomments&post=2954"}],"version-history":[{"count":3,"href":"https:\/\/bibellesen.jule-pape.de\/index.php?rest_route=\/wp\/v2\/posts\/2954\/revisions"}],"predecessor-version":[{"id":3278,"href":"https:\/\/bibellesen.jule-pape.de\/index.php?rest_route=\/wp\/v2\/posts\/2954\/revisions\/3278"}],"wp:attachment":[{"href":"https:\/\/bibellesen.jule-pape.de\/index.php?rest_route=%2Fwp%2Fv2%2Fmedia&parent=2954"}],"wp:term":[{"taxonomy":"category","embeddable":true,"href":"https:\/\/bibellesen.jule-pape.de\/index.php?rest_route=%2Fwp%2Fv2%2Fcategories&post=2954"},{"taxonomy":"post_tag","embeddable":true,"href":"https:\/\/bibellesen.jule-pape.de\/index.php?rest_route=%2Fwp%2Fv2%2Ftags&post=2954"}],"curies":[{"name":"wp","href":"https:\/\/api.w.org\/{rel}","templated":true}]}}