
{"id":2909,"date":"2012-10-07T08:54:33","date_gmt":"2012-10-07T07:54:33","guid":{"rendered":"http:\/\/bibellesen.jule-pape.de\/?p=2909"},"modified":"2013-03-28T10:34:28","modified_gmt":"2013-03-28T09:34:28","slug":"jehova-unser-ruckkaufer","status":"publish","type":"post","link":"https:\/\/bibellesen.jule-pape.de\/?p=2909","title":{"rendered":"Jehova &#8211; unser R\u00fcckk\u00e4ufer?"},"content":{"rendered":"<blockquote><p>\u201eDarum sind sie vor dem Throne Gottes; und Tag und Nacht bringen sie ihm in seinem Tempel heiligen Dienst dar; und der, der auf dem Throne sitzt, wird sein Zelt \u00fcber sie ausbreiten.\u201c \u2014 Offenbarung 7:15.<\/p><\/blockquote>\n<p>Warum kommt mir hier die Szene von Ruth und Boas auf der Tenne in den Sinn? Sie sollte zu ihm sagen, dass er seinen Rocksaum \u00fcber sie ausbreiten solle, &#8222;denn du bist ein R\u00fcckk\u00e4ufer&#8220;. K\u00f6nnte man dies &#8211; dass Jehova sein Zelt \u00fcber sein Volk ausbreitet &#8211; als so eine Geste verstehen? Dass er damit anzeigt, er Kaufe sein Volk zur\u00fcck?<\/p>\n","protected":false},"excerpt":{"rendered":"<p>\u201eDarum sind sie vor dem Throne Gottes; und Tag und Nacht bringen sie ihm in seinem Tempel heiligen Dienst dar; und der, der auf dem Throne sitzt, wird sein Zelt \u00fcber sie ausbreiten.\u201c \u2014 Offenbarung 7:15. Warum kommt mir hier die Szene von Ruth und Boas auf der Tenne in den Sinn? Sie sollte zu [&hellip;]<\/p>\n","protected":false},"author":2,"featured_media":0,"comment_status":"open","ping_status":"open","sticky":false,"template":"","format":"standard","meta":{"footnotes":""},"categories":[574,575,585],"tags":[],"class_list":["post-2909","post","type-post","status-publish","format-standard","hentry","category-bucher","category-theokratie","category-der-gesellschaft"],"_links":{"self":[{"href":"https:\/\/bibellesen.jule-pape.de\/index.php?rest_route=\/wp\/v2\/posts\/2909","targetHints":{"allow":["GET"]}}],"collection":[{"href":"https:\/\/bibellesen.jule-pape.de\/index.php?rest_route=\/wp\/v2\/posts"}],"about":[{"href":"https:\/\/bibellesen.jule-pape.de\/index.php?rest_route=\/wp\/v2\/types\/post"}],"author":[{"embeddable":true,"href":"https:\/\/bibellesen.jule-pape.de\/index.php?rest_route=\/wp\/v2\/users\/2"}],"replies":[{"embeddable":true,"href":"https:\/\/bibellesen.jule-pape.de\/index.php?rest_route=%2Fwp%2Fv2%2Fcomments&post=2909"}],"version-history":[{"count":2,"href":"https:\/\/bibellesen.jule-pape.de\/index.php?rest_route=\/wp\/v2\/posts\/2909\/revisions"}],"predecessor-version":[{"id":3284,"href":"https:\/\/bibellesen.jule-pape.de\/index.php?rest_route=\/wp\/v2\/posts\/2909\/revisions\/3284"}],"wp:attachment":[{"href":"https:\/\/bibellesen.jule-pape.de\/index.php?rest_route=%2Fwp%2Fv2%2Fmedia&parent=2909"}],"wp:term":[{"taxonomy":"category","embeddable":true,"href":"https:\/\/bibellesen.jule-pape.de\/index.php?rest_route=%2Fwp%2Fv2%2Fcategories&post=2909"},{"taxonomy":"post_tag","embeddable":true,"href":"https:\/\/bibellesen.jule-pape.de\/index.php?rest_route=%2Fwp%2Fv2%2Ftags&post=2909"}],"curies":[{"name":"wp","href":"https:\/\/api.w.org\/{rel}","templated":true}]}}