
{"id":2907,"date":"2012-10-06T08:51:29","date_gmt":"2012-10-06T07:51:29","guid":{"rendered":"http:\/\/bibellesen.jule-pape.de\/?p=2907"},"modified":"2013-03-28T10:34:42","modified_gmt":"2013-03-28T09:34:42","slug":"warum-regen-sie-sich-so-auf","status":"publish","type":"post","link":"https:\/\/bibellesen.jule-pape.de\/?p=2907","title":{"rendered":"Warum regen sie sich so auf?"},"content":{"rendered":"<blockquote><p>Dann begann der auf den Thron erhobene Jesus Christus, der als der himmlische Michael amtet, als der \u201egro\u00dfe F\u00fcrst\u201c, der f\u00fcr das Volk Gottes eintritt, gegen Satan, den Teufel, und seine D\u00e4monenorganisation Krieg zu f\u00fchren. Demzufolge wurden jene b\u00f6sen Geisterm\u00e4chte so ersch\u00fcttert, da\u00df sie aus ihrer himmlischen Stellung hinaus- und in die N\u00e4he unserer Erde geworfen wurden.<br \/>\n\u3000\u300044 Ihr Ingrimm dar\u00fcber, da\u00df ihre fr\u00fchere Verbindung mit dem Himmel drastisch abgebrochen worden ist, hat dann f\u00fcr die Menschheit vermehrtes \u201eWeh\u201c und<\/p><\/blockquote>\n<p>Warum regen sie sich so auf? Wieso ist ihnen ihre Verbindung mit dem Himmel so wichtig? Wenn dies so war, warum haben sie ihren falschen Lauf nicht rechtzeitig aufgegeben?<\/p>\n<p>Ist hier \u00e4hnliches gemeint, wie der Grund, warum Ramona ihren Platz in der Versammlung nicht verlieren will?<\/p>\n","protected":false},"excerpt":{"rendered":"<p>Dann begann der auf den Thron erhobene Jesus Christus, der als der himmlische Michael amtet, als der \u201egro\u00dfe F\u00fcrst\u201c, der f\u00fcr das Volk Gottes eintritt, gegen Satan, den Teufel, und seine D\u00e4monenorganisation Krieg zu f\u00fchren. Demzufolge wurden jene b\u00f6sen Geisterm\u00e4chte so ersch\u00fcttert, da\u00df sie aus ihrer himmlischen Stellung hinaus- und in die N\u00e4he unserer Erde [&hellip;]<\/p>\n","protected":false},"author":2,"featured_media":0,"comment_status":"open","ping_status":"open","sticky":false,"template":"","format":"standard","meta":{"footnotes":""},"categories":[574,575,585],"tags":[],"class_list":["post-2907","post","type-post","status-publish","format-standard","hentry","category-bucher","category-theokratie","category-der-gesellschaft"],"_links":{"self":[{"href":"https:\/\/bibellesen.jule-pape.de\/index.php?rest_route=\/wp\/v2\/posts\/2907","targetHints":{"allow":["GET"]}}],"collection":[{"href":"https:\/\/bibellesen.jule-pape.de\/index.php?rest_route=\/wp\/v2\/posts"}],"about":[{"href":"https:\/\/bibellesen.jule-pape.de\/index.php?rest_route=\/wp\/v2\/types\/post"}],"author":[{"embeddable":true,"href":"https:\/\/bibellesen.jule-pape.de\/index.php?rest_route=\/wp\/v2\/users\/2"}],"replies":[{"embeddable":true,"href":"https:\/\/bibellesen.jule-pape.de\/index.php?rest_route=%2Fwp%2Fv2%2Fcomments&post=2907"}],"version-history":[{"count":2,"href":"https:\/\/bibellesen.jule-pape.de\/index.php?rest_route=\/wp\/v2\/posts\/2907\/revisions"}],"predecessor-version":[{"id":3286,"href":"https:\/\/bibellesen.jule-pape.de\/index.php?rest_route=\/wp\/v2\/posts\/2907\/revisions\/3286"}],"wp:attachment":[{"href":"https:\/\/bibellesen.jule-pape.de\/index.php?rest_route=%2Fwp%2Fv2%2Fmedia&parent=2907"}],"wp:term":[{"taxonomy":"category","embeddable":true,"href":"https:\/\/bibellesen.jule-pape.de\/index.php?rest_route=%2Fwp%2Fv2%2Fcategories&post=2907"},{"taxonomy":"post_tag","embeddable":true,"href":"https:\/\/bibellesen.jule-pape.de\/index.php?rest_route=%2Fwp%2Fv2%2Ftags&post=2907"}],"curies":[{"name":"wp","href":"https:\/\/api.w.org\/{rel}","templated":true}]}}