
{"id":2761,"date":"2011-11-04T09:27:29","date_gmt":"2011-11-04T08:27:29","guid":{"rendered":"http:\/\/bibellesen.jule-pape.de\/?p=2761"},"modified":"2011-11-04T09:27:29","modified_gmt":"2011-11-04T08:27:29","slug":"hohepunkte-lukas","status":"publish","type":"post","link":"https:\/\/bibellesen.jule-pape.de\/?p=2761","title":{"rendered":"H\u00f6hepunkte Lukas"},"content":{"rendered":"<p>WT 15.03.2008<\/p>\n<h3 style=\"text-align: center;\"><strong>Das Wort Jehovas ist lebendig<br \/>\nH\u00f6hepunkte aus dem Buch Lukas<\/strong><\/h3>\n<p>WIE allgemein angenommen wird, schrieb Matth\u00e4us sein Evangelium in erster Linie f\u00fcr die Juden, wohingegen Markus seinen Bericht f\u00fcr nichtj\u00fcdische Leser aufzeichnete. Lukas jedoch verfasste sein Evangelium f\u00fcr Menschen aller Nationen. Das Buch Lukas, das in den Jahren 56 bis 58\u00a0u.\u00a0Z. entstand, enth\u00e4lt einen umfassenden Bericht \u00fcber Jesu Leben und Wirken.<\/p>\n<p>Mit den Augen eines besorgten Arztes geht Lukas sorgf\u00e4ltig \u201eallen Dingen von Anbeginn genau nach\u201c und behandelt einen Zeitraum von 35\u00a0Jahren\u00a0\u2014 von 3\u00a0v.\u00a0u.\u00a0Z. bis 33\u00a0u.\u00a0Z. (Luk. 1:3). Fast 60\u00a0Prozent des Inhalts des Lukasevangeliums kommt in keinem der anderen Evangelien vor.<\/p>\n<p>&nbsp;<\/p>\n<p style=\"text-align: center;\"><strong>DIE ANF\u00c4NGE DES DIENSTES JESU<br \/>\n(Luk. 1:1\u20149:62)<\/strong><\/p>\n<p>Nachdem Lukas Einzelheiten \u00fcber die Geburt von Johannes dem T\u00e4ufer und die von Jesus erw\u00e4hnt hat, f\u00fchrt er an, dass Johannes seinen Dienst im 15.\u00a0Jahr der Regierung des Tiberius C\u00e4sar begann, das hei\u00dft im Fr\u00fchling des Jahres 29\u00a0u.\u00a0Z. (Luk. 3:1,\u00a02). Im Herbst jenes Jahres wird Jesus von Johannes getauft (Luk. 3:21,\u00a022). Um das Jahr 30\u00a0u.\u00a0Z. \u2018kehrt Jesus nach Galil\u00e4a zur\u00fcck und beginnt in den Synagogen zu lehren\u2019 (Luk. 4:14,\u00a015).<\/p>\n<p>Dann begibt sich Jesus auf seine erste Predigtreise durch Galil\u00e4a. Der Volksmenge sagt er: \u201eAuch anderen St\u00e4dten muss ich die gute Botschaft vom K\u00f6nigreich Gottes verk\u00fcndigen\u201c (Luk. 4:43). Jesus nimmt den Fischer Simon sowie noch einige andere mit auf die Reise. Er sagt: \u201eVon nun an wirst du Menschen lebendig fangen\u201c (Luk. 5:1-11; Mat. 4:18,\u00a019). Auf der zweiten Predigtreise durch Galil\u00e4a hat Jesus die 12\u00a0Apostel dabei (Luk. 8:1). Bei seiner dritten Reise sendet er die Zw\u00f6lf aus, \u201edas K\u00f6nigreich Gottes zu predigen und zu heilen\u201c (Luk. 9:1,\u00a02).<\/p>\n<p><strong>Antworten auf biblische Fragen:<\/strong><\/p>\n<p><strong>1:35 \u2014 War Marias Eizelle an der Schwangerschaft beteiligt? <\/strong><br \/>\nDa Marias Kind gem\u00e4\u00df der Verhei\u00dfung Gottes ein echter Nachkomme der Vorv\u00e4ter Abraham, Juda und David sein sollte, musste Marias Eizelle an der Schwangerschaft beteiligt sein (1.\u00a0Mo. 22:15,\u00a018; 49:10; 2.\u00a0Sam. 7:8,\u00a016). Die vollkommene Lebenskraft des Sohnes Gottes wurde jedoch durch den heiligen Geist \u00fcbertragen und damit auch die Empf\u00e4ngnis verursacht (Mat. 1:18). Anscheinend wurde dadurch jegliche bestehende Unvollkommenheit in der Eizelle Marias aufgehoben und der Embryo von Anfang an vor sch\u00e4digenden Einfl\u00fcssen gesch\u00fctzt.<\/p>\n<p><strong>1:62 \u2014 War Sacharja stumm<em> und<\/em> taub geworden? <\/strong><br \/>\nNein, nur seine Stimme war beeintr\u00e4chtigt. Andere fragten ihn zwar \u201edurch Zeichen\u201c, wie er das Kind nennen wolle, aber <a href=\"http:\/\/blog.thomas-pape.de\/?page_id=1080#comment-1635\">nichts deutet darauf hin, dass Sacharja taub war<\/a>. Wahrscheinlich verstand er akustisch, welchen Namen seine Frau f\u00fcr ihren Sohn vorschlug. Vielleicht wollten die anderen durch Zeichensprache nur bei Sacharja nachfragen, ob er damit einverstanden war. Da lediglich seine F\u00e4higkeit zu sprechen wiederhergestellt werden musste, l\u00e4sst das den logischen Schluss zu, dass Sacharjas Geh\u00f6r nicht beeintr\u00e4chtigt war (Luk. 1:13, 18-20, 60-64).<\/p>\n<p><strong>2:1,\u00a02 \u2014 Wie hilft uns der Hinweis auf die \u201eerste Einschreibung\u201c, herauszufinden, wann Jesus geboren wurde? <\/strong><br \/>\nUnter C\u00e4sar Augustus gab es mehr als eine Einschreibung. Die erste war 2\u00a0v.\u00a0u.\u00a0Z.\u00a0\u2014 durch sie erf\u00fcllte sich Daniel 11:20\u00a0\u2014, und die zweite fand 6 oder 7\u00a0u.\u00a0Z. statt (Apg. 5:37). Bei sowohl der ersten als auch der zweiten Einschreibung war Quirinius Statthalter von Syrien. Offensichtlich hatte er zweimal diese Stellung inne. Da Lukas auf die erste Einschreibung Bezug nimmt, f\u00e4llt die Geburt Jesu in das Jahr 2\u00a0v.\u00a0u.\u00a0Z.<\/p>\n<p><strong>2:35 \u2014 Was war damit gemeint, dass \u201eein langes Schwert\u201c Marias Seele durchdringen sollte? <\/strong><br \/>\nDas weist darauf hin, wie sehr es Maria schmerzen und traurig stimmen w\u00fcrde, mit ansehen zu m\u00fcssen, wie die meisten Menschen Jesus als den Messias ablehnen w\u00fcrden und er eines qualvollen Todes sterben w\u00fcrde (Joh. 19:25).<\/p>\n<p>9:27, 28 \u2014 Jesus hatte seinen J\u00fcngern versichert, dass einige von ihnen \u201eden Tod \u00fcberhaupt nicht schmecken w\u00fcrden\u201c, bis sie ihn in seinem K\u00f6nigreich kommen sehen w\u00fcrden. <strong>Warum sagt Lukas, die Umgestaltung habe \u201eacht Tage\u201c nach Jesu Worten stattgefunden, wogegen sowohl Matth\u00e4us als auch Markus sagen, dass es \u201esechs Tage\u201c sp\u00e4ter war?<\/strong> (Mat. 17:1; Mar. 9:2).<br \/>\nLukas hat offenbar zwei zus\u00e4tzliche Tage mit einbezogen\u00a0\u2014 den Tag, an dem Jesus die Worte sprach, und den Tag, an dem die Umgestaltung stattfand.<\/p>\n<p><strong>9:49, 50 \u2014 Warum hinderte Jesus einen Mann nicht daran, D\u00e4monen auszutreiben, obwohl dieser Mann ihm nicht nachfolgte? <\/strong><br \/>\nWeil die Christenversammlung noch nicht gegr\u00fcndet worden war. Der Mann musste also Jesus nicht buchst\u00e4blich begleiten, um Glauben an den Namen Jesu aus\u00fcben und D\u00e4monen austreiben zu k\u00f6nnen (Mar. 9:38-40).<\/p>\n<p><strong>Lehren f\u00fcr uns:<\/strong><\/p>\n<p><strong>1:32, 33; 2:19, 51<\/strong>. Maria bewahrte die Geschehnisse und Aussagen, durch die sich Prophezeiungen erf\u00fcllten, in ihrem Herzen. H\u00fcten wir das, was Jesus \u00fcber den \u2018Abschluss des Systems der Dinge\u2019 vorausgesagt hat, wie einen Schatz, indem wir seine Worte mit dem vergleichen, was heute geschieht? (Mat. 24:3).<\/p>\n<p><strong>2:37<\/strong>. Aus Annas Beispiel lernen wir, dass wir Jehova mit Beharrlichkeit anbeten sollten, \u2018im Gebet verharren\u2019 m\u00fcssen und \u201eunser Zusammenkommen nicht aufgeben\u201c d\u00fcrfen (R\u00f6m. 12:12; Heb. 10:24,\u00a025).<\/p>\n<p><strong>2:41-50<\/strong>. Joseph stellte in seinem Leben geistige Interessen allem voran und k\u00fcmmerte sich in geistiger wie in materieller Hinsicht gut um seine Familie. Damit gab er Familienv\u00e4tern ein gutes Beispiel.<\/p>\n<p><strong>4:4<\/strong>. Wir sollten keinen Tag vergehen lassen, ohne uns mit dem Wort Gottes besch\u00e4ftigt zu haben.<\/p>\n<p><strong>6:40<\/strong>. Ein Lehrer des Wortes Gottes sollte seinen Sch\u00fclern ein gutes Beispiel geben. Er muss das, was er anderen sagt, auch selbst tun.<\/p>\n<p><strong>8:15<\/strong>. Damit wir das Wort \u201efesthalten und mit Ausharren Frucht tragen\u201c k\u00f6nnen, m\u00fcssen wir das Wort Gottes verstehen, es zu sch\u00e4tzen wissen und es in uns aufnehmen. Wenn wir die Bibel und bibelerkl\u00e4rende Ver\u00f6ffentlichungen lesen, sollten wir uns unbedingt unter Gebet mit dem Stoff gedanklich besch\u00e4ftigen.<\/p>\n<p>&nbsp;<\/p>\n<p style=\"text-align: center;\"><strong>JESU SP\u00c4TERER DIENST<br \/>\n(Luk. 10:1\u201424:53)<\/strong><\/p>\n<p>Jesus sendet 70 andere vor sich her in St\u00e4dte und Orte in Jud\u00e4a (Luk. 10:1). Er zieht \u201evon Stadt zu Stadt und von Dorf zu Dorf\u201c und lehrt (Luk. 13:22).<\/p>\n<p>F\u00fcnf Tage vor dem Passahfest des Jahres 33\u00a0u.\u00a0Z. reitet Jesus auf einem F\u00fcllen in Jerusalem ein. Nun ist die Zeit gekommen, wo sich das erf\u00fcllen sollte, was er einst seinen J\u00fcngern gesagt hatte: \u201eDer Menschensohn muss vieles leiden und von den \u00e4lteren M\u00e4nnern und Oberpriestern und Schriftgelehrten verworfen und get\u00f6tet werden und am dritten Tag auferweckt werden\u201c (Luk. 9:22,\u00a044).<\/p>\n<p><strong>Antworten auf biblische Fragen:<\/strong><\/p>\n<p><strong>10:18 \u2014 Was meinte Jesus, als er zu seinen 70\u00a0J\u00fcngern sagte: \u201eIch sah den Satan wie einen Blitz bereits aus dem Himmel gefallen\u201c? <\/strong><br \/>\nJesus wollte damit nicht sagen, dass Satan bereits aus dem Himmel hinausgeworfen worden war. Das geschah erst, kurz nachdem Christus 1914 im Himmel als K\u00f6nig eingesetzt worden war (Offb. 12:1-10). Wir k\u00f6nnen zwar nicht dogmatisch sein, aber dadurch, dass Jesus von einem k\u00fcnftigen Ereignis so spricht, als sei es schon geschehen, betonte er offensichtlich, dass es ganz bestimmt geschehen w\u00fcrde.<\/p>\n<p><strong>14:26 \u2014 In welcher Hinsicht \u201ehassen\u201c Christi Nachfolger ihre Verwandten? <\/strong><br \/>\nJemanden oder etwas zu \u201ehassen\u201c bedeutet in der Bibel zuweilen, jemanden oder etwas weniger zu lieben (1.\u00a0Mo. 29:30,\u00a031). Christen \u201ehassen\u201c also ihre Verwandten in dem Sinne, dass sie sie einfach <a href=\"http:\/\/blog.thomas-pape.de\/bibellesen\/lukas\/comment-page-2\/#comment-3180\">weniger lieben als Jesus<\/a> (Mat. 10:37).<\/p>\n<p><strong>17:34-37 \u2014 Wer sind \u201edie Adler\u201c und was ist \u201eder Leib\u201c, bei dem sich die Adler versammeln? <\/strong><br \/>\nDiejenigen, die \u201emitgenommen\u201c oder gerettet werden, werden mit weitsichtigen Adlern verglichen. \u201eDer Leib\u201c, bei dem sie sich versammeln, ist der wahre Christus w\u00e4hrend seiner unsichtbaren Gegenwart sowie die geistige Speise, die Jehova f\u00fcr sie zubereitet (Mat. 24:28).<\/p>\n<p><strong>22:44 \u2014 Was war der Grund daf\u00fcr, dass Jesus so sorgenvoll erregt war? <\/strong><br \/>\nDaf\u00fcr gab es mehrere Gr\u00fcnde. Zum einen war Jesus besorgt darum, wie sich sein Tod als Verbrecher auf Jehova Gott und seinen Namen auswirken w\u00fcrde. Zum anderen wusste Jesus nur allzu gut, dass sein eigenes ewiges Leben und die Zukunft der ganzen Menschheitsfamilie davon abhing, dass er treu blieb.<\/p>\n<p><strong>23:44 \u2014 Wurde die drei Stunden dauernde Dunkelheit durch eine Sonnenfinsternis verursacht? <\/strong><br \/>\nNein. Eine Sonnenfinsternis gibt es nur bei Neumond. Zur Passahzeit ist jedoch Vollmond. Die Finsternis an dem Tag, als Jesus starb, muss also durch ein Wunder Gottes eingetreten sein.<\/p>\n<p><strong>Lehren f\u00fcr uns:<\/strong><\/p>\n<p><strong>11:1-4<\/strong>. Vergleicht man diese Worte Jesu mit dem etwas anderen Wortlaut des Mustergebets, das Jesus etwa 18\u00a0Monate zuvor in der Bergpredigt erw\u00e4hnt hatte, dann zeigt das deutlich, dass wir in unseren Gebeten nicht einfach irgendwelche Worte wiederholen sollten (Mat. 6:9-13).<\/p>\n<p><strong>11:5, 13<\/strong>. Jehova erh\u00f6rt zwar gern unsere Gebete, doch wir sollten auch mit Beharrlichkeit beten (1.\u00a0Joh. 5:14).<\/p>\n<p><strong>11:27, 28<\/strong>. Wahres Gl\u00fcck erw\u00e4chst nicht aus verwandtschaftlichen Bindungen oder gro\u00dfem materiellen Reichtum, sondern daraus, treu Gottes Willen zu tun.<\/p>\n<p><strong>11:41<\/strong>. Unsere Gaben der Barmherzigkeit sollten einem liebevollen und willigen Herzen entspringen.<\/p>\n<p><strong>12:47, 48<\/strong>. Jemand, der gr\u00f6\u00dfere Verantwortung hat, ihr aber nicht nachkommt, ist tadelnswerter als der, der seine Aufgaben nicht so recht kennt oder nicht ganz versteht.<\/p>\n<p><strong>14:28, 29<\/strong>. Wir sind weise, wenn wir nicht \u00fcber unsere Verh\u00e4ltnisse leben.<\/p>\n<p><strong>22:36-38<\/strong>. Jesus forderte seine J\u00fcnger nicht auf, eine Waffe zu tragen, um sich selbst zu sch\u00fctzen oder um sich selbst zu verteidigen. Dadurch, dass sie in der Nacht, in der er verraten wurde, Schwerter dabeihatten, konnte er ihnen jedoch folgende wichtige Lektion erteilen: \u201eAlle, die zum Schwert greifen, werden durch das Schwert umkommen\u201c (Mat. 26:52).<\/p>\n","protected":false},"excerpt":{"rendered":"<p>WT 15.03.2008 Das Wort Jehovas ist lebendig H\u00f6hepunkte aus dem Buch Lukas WIE allgemein angenommen wird, schrieb Matth\u00e4us sein Evangelium in erster Linie f\u00fcr die Juden, wohingegen Markus seinen Bericht f\u00fcr nichtj\u00fcdische Leser aufzeichnete. Lukas jedoch verfasste sein Evangelium f\u00fcr Menschen aller Nationen. Das Buch Lukas, das in den Jahren 56 bis 58\u00a0u.\u00a0Z. entstand, enth\u00e4lt [&hellip;]<\/p>\n","protected":false},"author":2,"featured_media":0,"comment_status":"open","ping_status":"open","sticky":false,"template":"","format":"standard","meta":{"footnotes":""},"categories":[39],"tags":[],"class_list":["post-2761","post","type-post","status-publish","format-standard","hentry","category-hohepunkte-der-bibellesung"],"_links":{"self":[{"href":"https:\/\/bibellesen.jule-pape.de\/index.php?rest_route=\/wp\/v2\/posts\/2761","targetHints":{"allow":["GET"]}}],"collection":[{"href":"https:\/\/bibellesen.jule-pape.de\/index.php?rest_route=\/wp\/v2\/posts"}],"about":[{"href":"https:\/\/bibellesen.jule-pape.de\/index.php?rest_route=\/wp\/v2\/types\/post"}],"author":[{"embeddable":true,"href":"https:\/\/bibellesen.jule-pape.de\/index.php?rest_route=\/wp\/v2\/users\/2"}],"replies":[{"embeddable":true,"href":"https:\/\/bibellesen.jule-pape.de\/index.php?rest_route=%2Fwp%2Fv2%2Fcomments&post=2761"}],"version-history":[{"count":1,"href":"https:\/\/bibellesen.jule-pape.de\/index.php?rest_route=\/wp\/v2\/posts\/2761\/revisions"}],"predecessor-version":[{"id":2762,"href":"https:\/\/bibellesen.jule-pape.de\/index.php?rest_route=\/wp\/v2\/posts\/2761\/revisions\/2762"}],"wp:attachment":[{"href":"https:\/\/bibellesen.jule-pape.de\/index.php?rest_route=%2Fwp%2Fv2%2Fmedia&parent=2761"}],"wp:term":[{"taxonomy":"category","embeddable":true,"href":"https:\/\/bibellesen.jule-pape.de\/index.php?rest_route=%2Fwp%2Fv2%2Fcategories&post=2761"},{"taxonomy":"post_tag","embeddable":true,"href":"https:\/\/bibellesen.jule-pape.de\/index.php?rest_route=%2Fwp%2Fv2%2Ftags&post=2761"}],"curies":[{"name":"wp","href":"https:\/\/api.w.org\/{rel}","templated":true}]}}