
{"id":2492,"date":"2011-06-29T21:24:21","date_gmt":"2011-06-29T20:24:21","guid":{"rendered":"http:\/\/bibellesen.jule-pape.de\/?p=2492"},"modified":"2011-06-29T21:24:21","modified_gmt":"2011-06-29T20:24:21","slug":"amos-thematische-verlinkung","status":"publish","type":"post","link":"https:\/\/bibellesen.jule-pape.de\/?p=2492","title":{"rendered":"Amos &#8211; thematische Verlinkung"},"content":{"rendered":"<p>alle pers\u00f6nlichen Gedanken zu diesem Buch, Kommentare und erg\u00e4nzenden Stoff findet ihr wie immer <a rel=\"nofollow\" href=\"http:\/\/blog.thomas-pape.de\/?page_id=505\">hier auf der Seite der Familie<\/a> und <a href=\"http:\/\/download.jw.org\/files\/media_bible\/30_Am_X.mp3.zip\">hier als mp3<\/a><\/p>\n<p>&nbsp;<\/p>\n<h2>Amos 1 &#8211; 3<\/h2>\n<ul>\n<li><a rel=\"nofollow\" href=\"http:\/\/blog.thomas-pape.de\/?page_id=505&amp;cpage=1#comment-326\">warum die Israeliten Strafe verdient hatten<\/a><\/li>\n<li><a rel=\"nofollow\" href=\"http:\/\/blog.thomas-pape.de\/?page_id=505&amp;cpage=1#comment-327\">die Taufe &#8211; unser pers\u00f6nlicher Bund mit Jehova<\/a><\/li>\n<li><a rel=\"nofollow\" href=\"http:\/\/blog.thomas-pape.de\/?page_id=505#comment-1537\">wie stehen wir vor Jehova da?<\/a><\/li>\n<li><em><a rel=\"nofollow\" href=\"http:\/\/blog.thomas-pape.de\/bibellesen\/amos\/comment-page-1\/#comment-2726\">&#8222;Jehova wird ein Strafgericht \u00fcber die B\u00f6sen bringen&#8220;<\/a><\/em> &#8211; Studienartikel<\/li>\n<li><em><a rel=\"nofollow\" href=\"http:\/\/blog.thomas-pape.de\/bibellesen\/amos\/comment-page-1\/#comment-2727\">&#8222;Voller Zuversicht in einem Zeitalter der Gewalt&#8220;<\/a><\/em> &#8211; Studienartikel<\/li>\n<\/ul>\n<p>&nbsp;<\/p>\n<h2>Amos 4 &#8211; 6<\/h2>\n<ul>\n<li><a rel=\"nofollow\" href=\"http:\/\/blog.thomas-pape.de\/?page_id=505&amp;cpage=1#comment-328\">was verlangt Jehova von uns?<\/a><\/li>\n<li><a rel=\"nofollow\" href=\"http:\/\/blog.thomas-pape.de\/?page_id=505&amp;cpage=1#comment-329\">warum sollten wir den Tag Jehovas nicht herbeisehnen?<\/a><\/li>\n<li><a rel=\"nofollow\" href=\"http:\/\/blog.thomas-pape.de\/?page_id=505#comment-1538\">keiner kann dem Allm\u00e4chtigen auf der Nase herumtrampeln<\/a><\/li>\n<li><em><a rel=\"nofollow\" href=\"http:\/\/blog.thomas-pape.de\/bibellesen\/amos\/comment-page-1\/#comment-2728\">&#8222;Sucht Jehova, den Pr\u00fcfer der Herzen&#8220;<\/a><\/em> &#8211; Studienartikel<\/li>\n<\/ul>\n<p>&nbsp;<\/p>\n<h2>Amos 7 &#8211; 9<\/h2>\n<ul>\n<li><a rel=\"nofollow\" href=\"http:\/\/blog.thomas-pape.de\/?page_id=505#comment-332\">wie reagieren wir pers\u00f6nlich, wenn uns jemand anhand der Bibel zeigt, dass wir &#8222;auf dem Holzweg sind&#8220;?<\/a><\/li>\n<li><a rel=\"nofollow\" href=\"http:\/\/blog.thomas-pape.de\/?page_id=505#comment-1539\">egal  welchen Namen man sich gibt, welche Kleidung man nach au\u00dfen tr\u00e4gt \u2013 der  Allm\u00e4chtige sieht unser Herz und wird uns danach richten<\/a><\/li>\n<li><em><a rel=\"nofollow\" href=\"http:\/\/blog.thomas-pape.de\/bibellesen\/amos\/comment-page-1\/#comment-2729\">&#8222;Gottes Wort freim\u00fctig verk\u00fcndigen&#8220;<\/a><\/em> &#8211; Studienartikel<\/li>\n<li><em><a rel=\"nofollow\" href=\"http:\/\/blog.thomas-pape.de\/bibellesen\/amos\/comment-page-1\/#comment-2730\">&#8222;Nehmt euch die Propheten Gottes als Beispiel &#8211; Sie erlitten Ungemach&#8220;<\/a><\/em> &#8211; erg\u00e4nzender Stoff<\/li>\n<li><em><a rel=\"nofollow\" href=\"http:\/\/blog.thomas-pape.de\/bibellesen\/amos\/comment-page-1\/#comment-2731\">&#8222;Gott bedient sich der Dem\u00fctigen&#8220;<\/a><\/em> &#8211; Artikel aus der Reihe &#8222;Gottes Wort ist lebendig&#8220;<\/li>\n<li><a rel=\"nofollow\" href=\"http:\/\/blog.thomas-pape.de\/bibellesen\/amos\/comment-page-1\/#comment-2732\">&#8222;Amos vermittelt Verst\u00e4ndnis \u00fcber Katastrophen und Ungl\u00fccke&#8220;<\/a> &#8211; erg\u00e4nzender WT-Artikel<\/li>\n<li><a rel=\"nofollow\" href=\"http:\/\/blog.thomas-pape.de\/bibellesen\/amos\/comment-page-1\/#comment-2735\">warum es gut und sinnvoll ist, auch heute noch die &#8222;alten Kamellen&#8220; der Publikationen herauszukramen&#8230;<\/a><\/li>\n<\/ul>\n<p>&nbsp;<\/p>\n<p>&nbsp;<\/p>\n<p>Auf der Wtlib findet ihr im [<a rel=\"nofollow\" href=\"http:\/\/blog.thomas-pape.de\/bibellesen\/amos\/comment-page-1\/#comment-2734\">WT 01.10.2007<\/a> die &#8222;H\u00f6hepunkte aus dem Buch Amos&#8220; und im <a rel=\"nofollow\" href=\"http:\/\/blog.thomas-pape.de\/bibellesen\/amos\/comment-page-1\/#comment-2733\">WT vom 01.04.1984<\/a> den Artikel &#8222;Was uns die Bibel lehrt: Amos 1:1 bis 9:15 &#8211; Der Niedergang einer Nation&#8220;<\/p>\n","protected":false},"excerpt":{"rendered":"<p>alle pers\u00f6nlichen Gedanken zu diesem Buch, Kommentare und erg\u00e4nzenden Stoff findet ihr wie immer hier auf der Seite der Familie und hier als mp3 &nbsp; Amos 1 &#8211; 3 warum die Israeliten Strafe verdient hatten die Taufe &#8211; unser pers\u00f6nlicher Bund mit Jehova wie stehen wir vor Jehova da? &#8222;Jehova wird ein Strafgericht \u00fcber die [&hellip;]<\/p>\n","protected":false},"author":2,"featured_media":0,"comment_status":"open","ping_status":"open","sticky":false,"template":"","format":"standard","meta":{"footnotes":""},"categories":[572],"tags":[],"class_list":["post-2492","post","type-post","status-publish","format-standard","hentry","category-thematische-verlinkung-der-einzelnen-kapitel"],"_links":{"self":[{"href":"https:\/\/bibellesen.jule-pape.de\/index.php?rest_route=\/wp\/v2\/posts\/2492","targetHints":{"allow":["GET"]}}],"collection":[{"href":"https:\/\/bibellesen.jule-pape.de\/index.php?rest_route=\/wp\/v2\/posts"}],"about":[{"href":"https:\/\/bibellesen.jule-pape.de\/index.php?rest_route=\/wp\/v2\/types\/post"}],"author":[{"embeddable":true,"href":"https:\/\/bibellesen.jule-pape.de\/index.php?rest_route=\/wp\/v2\/users\/2"}],"replies":[{"embeddable":true,"href":"https:\/\/bibellesen.jule-pape.de\/index.php?rest_route=%2Fwp%2Fv2%2Fcomments&post=2492"}],"version-history":[{"count":2,"href":"https:\/\/bibellesen.jule-pape.de\/index.php?rest_route=\/wp\/v2\/posts\/2492\/revisions"}],"predecessor-version":[{"id":2494,"href":"https:\/\/bibellesen.jule-pape.de\/index.php?rest_route=\/wp\/v2\/posts\/2492\/revisions\/2494"}],"wp:attachment":[{"href":"https:\/\/bibellesen.jule-pape.de\/index.php?rest_route=%2Fwp%2Fv2%2Fmedia&parent=2492"}],"wp:term":[{"taxonomy":"category","embeddable":true,"href":"https:\/\/bibellesen.jule-pape.de\/index.php?rest_route=%2Fwp%2Fv2%2Fcategories&post=2492"},{"taxonomy":"post_tag","embeddable":true,"href":"https:\/\/bibellesen.jule-pape.de\/index.php?rest_route=%2Fwp%2Fv2%2Ftags&post=2492"}],"curies":[{"name":"wp","href":"https:\/\/api.w.org\/{rel}","templated":true}]}}