
{"id":2337,"date":"2011-06-14T20:44:15","date_gmt":"2011-06-14T19:44:15","guid":{"rendered":"http:\/\/bibellesen.jule-pape.de\/?p=2337"},"modified":"2011-06-14T20:46:32","modified_gmt":"2011-06-14T19:46:32","slug":"prediger-thematische-verlinkung","status":"publish","type":"post","link":"https:\/\/bibellesen.jule-pape.de\/?p=2337","title":{"rendered":"Prediger &#8211; thematische Verlinkung"},"content":{"rendered":"<p>alle Gedanken, Kommentare und erg\u00e4nzenden Stoff zu Prediger findet ihr <a rel=\"nofollow\" href=\"http:\/\/blog.thomas-pape.de\/?page_id=471\">hier<\/a><\/p>\n<p>&nbsp;<\/p>\n<h2>Prediger 1 &#8211; 3<\/h2>\n<ul>\n<li><a rel=\"nofollow\" href=\"http:\/\/blog.thomas-pape.de\/?page_id=471#comment-254\">f\u00fcr alles gibt es eine bestimmte Zeit &#8211; auch dazu, einen anderen zu hassen?<\/a><\/li>\n<li><a rel=\"nofollow\" href=\"http:\/\/blog.thomas-pape.de\/?page_id=471#comment-1510\">Vergeuden wir unser Leben mit Nichtigkeit?<\/a><\/li>\n<li><a rel=\"nofollow\" href=\"http:\/\/blog.thomas-pape.de\/bibellesen\/prediger\/comment-page-1\/#comment-2630\">ausgew\u00e4hlte Verse aus Prediger Kapitel 1 erkl\u00e4rt<\/a> &#8211; WT-Artikel<\/li>\n<li><em><a rel=\"nofollow\" href=\"http:\/\/blog.thomas-pape.de\/bibellesen\/prediger\/comment-page-1\/#comment-2631\">&#8222;Das Streben nach Genu\u00df und Kultur tr\u00e4gt wenig ein&#8220;<\/a><\/em> &#8211; WT-Artikel zu Prediger 2<\/li>\n<li><em><a rel=\"nofollow\" href=\"http:\/\/blog.thomas-pape.de\/bibellesen\/prediger\/comment-page-1\/#comment-2632\">&#8222;Eine bestimmte Zeit f\u00fcr alles&#8220;<\/a><\/em> &#8211; WT-Artikel zu Prediger 3<\/li>\n<\/ul>\n<p>&nbsp;<\/p>\n<h2>Prediger 4 &#8211; 6<\/h2>\n<ul>\n<li><a rel=\"nofollow\" href=\"http:\/\/blog.thomas-pape.de\/?page_id=471#comment-255\">ein guter Rat &#8211; wenn wir unsere Ehe nach g\u00f6ttlichen Ma\u00dfst\u00e4ben erhalten wollen<\/a><\/li>\n<li><a rel=\"nofollow\" href=\"http:\/\/blog.thomas-pape.de\/?page_id=471#comment-256\">was haben Schlachtopfer mit dem Unvern\u00fcnftigen zu tun?<\/a> &#8211; eine sehr freie \u00dcbersetzung von Prediger 5:1<\/li>\n<li><a rel=\"nofollow\" href=\"http:\/\/blog.thomas-pape.de\/?page_id=471#comment-1511\">so viel Ungerechtigkeit &#8211; schon damals?<\/a><\/li>\n<li><em><a rel=\"nofollow\" href=\"http:\/\/blog.thomas-pape.de\/bibellesen\/prediger\/comment-page-1\/#comment-2633\">&#8222;Sei bei der Arbeit ausgeglichen&#8220;<\/a><\/em> &#8211; WT-Artikel zu Prediger 4<\/li>\n<li><em><a rel=\"nofollow\" href=\"http:\/\/blog.thomas-pape.de\/bibellesen\/prediger\/comment-page-1\/#comment-2634\">&#8222;Warum man \u00fcber Bedr\u00fcckung nicht erstaunt sein sollte&#8220;<\/a><\/em> &#8211; WT-Artikel zu Prediger 5<\/li>\n<li><em><a rel=\"nofollow\" href=\"http:\/\/blog.thomas-pape.de\/bibellesen\/prediger\/comment-page-1\/#comment-2635\">&#8222;Besitztum ohne Freude und Genu\u00df&#8220;<\/a> <\/em>&#8211; WT-Artikel zu Prediger 6<\/li>\n<\/ul>\n<p>&nbsp;<\/p>\n<h2>Prediger 7 &#8211; 9<\/h2>\n<ul>\n<li><a rel=\"nofollow\" href=\"http:\/\/blog.thomas-pape.de\/?page_id=471#comment-258\">wieso ist Verdru\u00df besser als Lachen &#8211; und wie Leiden uns und unseren Glauben l\u00e4utern k\u00f6nnen<\/a><\/li>\n<li><a rel=\"nofollow\" href=\"http:\/\/blog.thomas-pape.de\/?page_id=471#comment-259\">machen wir aus jedem Fehler anderer ein Drama?<\/a><\/li>\n<li><a rel=\"nofollow\" href=\"http:\/\/blog.thomas-pape.de\/?page_id=471#comment-260\">lassen wir uns nicht durch gedankenlose Worte unserer Br\u00fcder kr\u00e4nken<\/a> &#8211; und wie wir besser damit umgehen k\u00f6nnten<\/li>\n<li><a rel=\"nofollow\" href=\"http:\/\/blog.thomas-pape.de\/?page_id=471#comment-261\">eine sehr nachdenklich stimmende Geschichte<\/a><\/li>\n<li><a rel=\"nofollow\" href=\"http:\/\/blog.thomas-pape.de\/?page_id=471#comment-1512\">sind wir uns dessen bewu\u00dft, dass auch wir sehr oft \u00fcber andere hergezogen haben?<\/a><\/li>\n<li><em><a rel=\"nofollow\" href=\"http:\/\/blog.thomas-pape.de\/bibellesen\/prediger\/comment-page-1\/#comment-2636\">&#8222;der Wert eines guten Namens&#8220;<\/a><\/em> &#8211; WT-Artikel zu Prediger 7<\/li>\n<li><em><a rel=\"nofollow\" href=\"http:\/\/blog.thomas-pape.de\/bibellesen\/prediger\/comment-page-1\/#comment-2637\">&#8222;Mit dem fertig werden, wa man in der unvollkommenen Welt sieht&#8220;<\/a><\/em> &#8211; WT-Artikel zu Prediger 8<\/li>\n<li><em><a rel=\"nofollow\" href=\"http:\/\/blog.thomas-pape.de\/bibellesen\/prediger\/comment-page-1\/#comment-2638\">&#8222;Sie sind in Gottes Hand&#8220;<\/a><\/em> &#8211; WT-Artikel zu Prediger 9<\/li>\n<\/ul>\n<p>&nbsp;<\/p>\n<h2>Prediger 10 &#8211; 12<\/h2>\n<ul>\n<li><a rel=\"nofollow\" href=\"http:\/\/blog.thomas-pape.de\/?page_id=471#comment-262\">wer anderen eine Grube gr\u00e4bt, f\u00e4llt selbst hinein &#8211; auch wenn dies nicht sofort passiert<\/a><\/li>\n<li><a rel=\"nofollow\" href=\"http:\/\/blog.thomas-pape.de\/?page_id=471#comment-263\">denken auch wir, wir h\u00e4tten jede Menge Zeit und verschieben vieles auf sp\u00e4ter?<\/a> &#8211; incl. &#8222;Bewahre nichts f\u00fcr einen besonderen Anla\u00df auf&#8220;<\/li>\n<li><a rel=\"nofollow\" href=\"http:\/\/blog.thomas-pape.de\/?page_id=471#comment-264\">was z\u00e4hlt heute zu &#8222;des B\u00fcchermachens ist viele&#8220;?<\/a><\/li>\n<li><a rel=\"nofollow\" href=\"http:\/\/blog.thomas-pape.de\/?page_id=471#comment-1513\">woran ist zu erkennen, dass wir uns von Gottes Geist leiten lassen?<\/a><\/li>\n<li><em><a rel=\"nofollow\" href=\"http:\/\/blog.thomas-pape.de\/bibellesen\/prediger\/comment-page-1\/#comment-2639\">&#8222;Selbst ein wenig Torheit kann Schaden stiften&#8220;<\/a><\/em> &#8211; WT-Artikel zu Prediger 10<\/li>\n<li><em><a rel=\"nofollow\" href=\"http:\/\/blog.thomas-pape.de\/bibellesen\/prediger\/comment-page-1\/#comment-2640\">&#8222;Ergreife die Gelegenheit&#8220;<\/a> <\/em>&#8211; WT-Artikel zu Prediger 11<\/li>\n<li><em><a rel=\"nofollow\" href=\"http:\/\/blog.thomas-pape.de\/bibellesen\/prediger\/comment-page-1\/#comment-2641\">&#8222;Welche Weisheit ist wirklich von Wert?&#8220;<\/a><\/em> &#8211; WT-Artikel zu Prediger 12<\/li>\n<\/ul>\n<p>&nbsp;<\/p>\n<p>&nbsp;<\/p>\n<p>die H\u00f6hepunkte zum Bibelbuch Prediger finden wir im  <a rel=\"nofollow\" href=\"http:\/\/blog.thomas-pape.de\/bibellesen\/prediger\/comment-page-1\/#comment-2642\">WT vom 01.11.2006<\/a><\/p>\n","protected":false},"excerpt":{"rendered":"<p>alle Gedanken, Kommentare und erg\u00e4nzenden Stoff zu Prediger findet ihr hier &nbsp; Prediger 1 &#8211; 3 f\u00fcr alles gibt es eine bestimmte Zeit &#8211; auch dazu, einen anderen zu hassen? Vergeuden wir unser Leben mit Nichtigkeit? ausgew\u00e4hlte Verse aus Prediger Kapitel 1 erkl\u00e4rt &#8211; WT-Artikel &#8222;Das Streben nach Genu\u00df und Kultur tr\u00e4gt wenig ein&#8220; &#8211; [&hellip;]<\/p>\n","protected":false},"author":2,"featured_media":0,"comment_status":"open","ping_status":"open","sticky":false,"template":"","format":"standard","meta":{"footnotes":""},"categories":[572],"tags":[],"class_list":["post-2337","post","type-post","status-publish","format-standard","hentry","category-thematische-verlinkung-der-einzelnen-kapitel"],"_links":{"self":[{"href":"https:\/\/bibellesen.jule-pape.de\/index.php?rest_route=\/wp\/v2\/posts\/2337","targetHints":{"allow":["GET"]}}],"collection":[{"href":"https:\/\/bibellesen.jule-pape.de\/index.php?rest_route=\/wp\/v2\/posts"}],"about":[{"href":"https:\/\/bibellesen.jule-pape.de\/index.php?rest_route=\/wp\/v2\/types\/post"}],"author":[{"embeddable":true,"href":"https:\/\/bibellesen.jule-pape.de\/index.php?rest_route=\/wp\/v2\/users\/2"}],"replies":[{"embeddable":true,"href":"https:\/\/bibellesen.jule-pape.de\/index.php?rest_route=%2Fwp%2Fv2%2Fcomments&post=2337"}],"version-history":[{"count":2,"href":"https:\/\/bibellesen.jule-pape.de\/index.php?rest_route=\/wp\/v2\/posts\/2337\/revisions"}],"predecessor-version":[{"id":2370,"href":"https:\/\/bibellesen.jule-pape.de\/index.php?rest_route=\/wp\/v2\/posts\/2337\/revisions\/2370"}],"wp:attachment":[{"href":"https:\/\/bibellesen.jule-pape.de\/index.php?rest_route=%2Fwp%2Fv2%2Fmedia&parent=2337"}],"wp:term":[{"taxonomy":"category","embeddable":true,"href":"https:\/\/bibellesen.jule-pape.de\/index.php?rest_route=%2Fwp%2Fv2%2Fcategories&post=2337"},{"taxonomy":"post_tag","embeddable":true,"href":"https:\/\/bibellesen.jule-pape.de\/index.php?rest_route=%2Fwp%2Fv2%2Ftags&post=2337"}],"curies":[{"name":"wp","href":"https:\/\/api.w.org\/{rel}","templated":true}]}}