
{"id":2229,"date":"2011-05-12T09:14:52","date_gmt":"2011-05-12T08:14:52","guid":{"rendered":"http:\/\/bibellesen.jule-pape.de\/?p=2229"},"modified":"2011-05-12T10:08:02","modified_gmt":"2011-05-12T09:08:02","slug":"psalm-42-72","status":"publish","type":"post","link":"https:\/\/bibellesen.jule-pape.de\/?p=2229","title":{"rendered":"Psalm 42 &#8211; 72 &#8211; thematische Verlinkung"},"content":{"rendered":"<p>alle Gedanken, Kommentare und erg\u00e4nzenden Stoff zum 2. Buch der Psalmen findet ihr <a rel=\"nofollow\" href=\"http:\/\/blog.thomas-pape.de\/?page_id=59\">hier<\/a><\/p>\n<p>&nbsp;<\/p>\n<h2>Psalm 42<\/h2>\n<ul>\n<li> <a rel=\"nofollow\" href=\"http:\/\/blog.thomas-pape.de\/?page_id=59#comment-174\">&#8222;Sch\u00e4tzt du das Zusammensein mit Gottes Dienern?&#8220;<\/a> &#8211; erg\u00e4nzender WT-Artikel<\/li>\n<li><a rel=\"nofollow\" href=\"http:\/\/blog.thomas-pape.de\/?page_id=59#comment-1328\">Jehova nimmt uns unsere Gef\u00fchle nicht \u00fcbel &#8211; er hat Verst\u00e4ndnis daf\u00fcr<\/a><\/li>\n<\/ul>\n<p>&nbsp;<\/p>\n<h2>Psalm 43 &#8211; 45<\/h2>\n<ul>\n<li><a rel=\"nofollow\" href=\"http:\/\/blog.thomas-pape.de\/?page_id=59#comment-175\">wer sich versto\u00dfen f\u00fchlt &#8211; was kann dieser tun?<\/a><\/li>\n<li><a rel=\"nofollow\" href=\"http:\/\/blog.thomas-pape.de\/?page_id=59#comment-176\">was hat der erhabene Sch\u00f6pfer f\u00fcr sein Volk nicht alles getan?<\/a><\/li>\n<li><a rel=\"nofollow\" href=\"http:\/\/blog.thomas-pape.de\/?page_id=59#comment-177\">wer sollte deiner Meinung nach ein Herrscher sein?<\/a><\/li>\n<li><a rel=\"nofollow\" href=\"http:\/\/blog.thomas-pape.de\/?page_id=59#comment-1338\">der Levit verzweifelt \u00fcber seine scheinbar aussichtslose Lage<\/a><\/li>\n<\/ul>\n<p>&nbsp;<\/p>\n<h2>Psalm 46 &#8211; 48<\/h2>\n<ul>\n<li><a rel=\"nofollow\" href=\"http:\/\/blog.thomas-pape.de\/?page_id=59#comment-178\">Wer meint, sich gegen den Allm\u00e4chtigen stellen zu wollen?<\/a><\/li>\n<li><a rel=\"nofollow\" href=\"http:\/\/blog.thomas-pape.de\/?page_id=59#comment-179\">Lobsingt &#8211; welche Melodien gehen dir durch den Kopf?<\/a><\/li>\n<li><a rel=\"nofollow\" href=\"http:\/\/blog.thomas-pape.de\/?page_id=59#comment-180\">unser Auge nicht auf das Verg\u00e4ngliche richten<\/a><\/li>\n<li><a rel=\"nofollow\" href=\"http:\/\/blog.thomas-pape.de\/?page_id=59#comment-1339\">haben wir bereits den Mut verloren? &#8211; hier eine tr\u00f6stliche Zusicherung<\/a><\/li>\n<\/ul>\n<p>&nbsp;<\/p>\n<h2>Psalm 49 &#8211; 51<\/h2>\n<ul>\n<li><a rel=\"nofollow\" href=\"http:\/\/blog.thomas-pape.de\/?page_id=59#comment-181\">das letzte Hemd hat keine Taschen<\/a><\/li>\n<li><a rel=\"nofollow\" href=\"http:\/\/blog.thomas-pape.de\/?page_id=59#comment-182\">Jehova wird \u00fcber sein Volk Recht sprechen<\/a><\/li>\n<li><a rel=\"nofollow\" href=\"http:\/\/blog.thomas-pape.de\/?page_id=59#comment-183\">Unrecht getan &#8211; und nun?<\/a><\/li>\n<li><a rel=\"nofollow\" href=\"http:\/\/blog.thomas-pape.de\/?page_id=59#comment-1340\">wissen wir die G\u00fcte Jehovas zu sch\u00e4tzen?<\/a> &#8211; einige Gedanken zu den letzten B\u00fcchern<\/li>\n<\/ul>\n<p>&nbsp;<\/p>\n<h2>Psalm 52 &#8211; 54<\/h2>\n<ul>\n<li><a rel=\"nofollow\" href=\"http:\/\/blog.thomas-pape.de\/?page_id=59#comment-184\">Verrat &#8211; von Personen die uns nahe stehen?<\/a><\/li>\n<li><a rel=\"nofollow\" href=\"http:\/\/blog.thomas-pape.de\/?page_id=59#comment-185\">wenn dich Ungl\u00fcck trifft &#8211; wo suchst du Halt?<\/a><\/li>\n<li><a rel=\"nofollow\" href=\"http:\/\/blog.thomas-pape.de\/?page_id=59#comment-186\">war David feige, wenn er sich auf Jehova als Helfer bezog?<\/a><\/li>\n<li><a rel=\"nofollow\" href=\"http:\/\/blog.thomas-pape.de\/?page_id=59#comment-1341\">haben wir Einsicht und suchen Jehova, oder gleichen wir den B\u00f6sen?<\/a><\/li>\n<\/ul>\n<p>&nbsp;<\/p>\n<h2>Psalm 55 &#8211; 57<\/h2>\n<ul>\n<li><a rel=\"nofollow\" href=\"http:\/\/blog.thomas-pape.de\/?page_id=59#comment-187\">wollen auch wir am liebsten weit weg fliehen?<\/a><\/li>\n<li><a rel=\"nofollow\" href=\"http:\/\/blog.thomas-pape.de\/?page_id=59#comment-188\">ist es wirklich eine Trennung vom H\u00f6chsten, wenn man sich nicht mit seinem Volk versammeln <strong>kann<\/strong>?<\/a> &#8211; h\u00e4tten die Widersacher dann ihr Ziel erreicht?<\/li>\n<li><a rel=\"nofollow\" href=\"http:\/\/blog.thomas-pape.de\/?page_id=59#comment-189\">mit dem R\u00fccken zur Wand &#8211; und nun?<\/a><\/li>\n<li><a rel=\"nofollow\" href=\"http:\/\/blog.thomas-pape.de\/?page_id=59#comment-1342\">wohin fliehen, wenn der Druck nicht ortsgebunden ist, sondern an eine bestimmte Person?<\/a><\/li>\n<li><a rel=\"nofollow\" href=\"http:\/\/blog.thomas-pape.de\/?page_id=59#comment-1343\">jeder zieht sich den Schuh an, der ihm passt &#8211; was kann ich daf\u00fcr, wenn einer bestimmten Person dieser Schuh passt?<\/a><\/li>\n<\/ul>\n<p>&nbsp;<\/p>\n<h2>Psalm 58 &#8211; 60<\/h2>\n<ul>\n<li><a rel=\"nofollow\" href=\"http:\/\/blog.thomas-pape.de\/?page_id=59#comment-1344\">was aber mich betrifft&#8230;<\/a><\/li>\n<li><a rel=\"nofollow\" href=\"http:\/\/blog.thomas-pape.de\/?page_id=59#comment-1364\">\u00e4hnliche Gedanken k\u00f6nnten wohl heute den Gerechten durch den Kopf gehen<\/a><\/li>\n<\/ul>\n<p>&nbsp;<\/p>\n<h2>Psalm 61 &#8211; 63<\/h2>\n<ul>\n<li><a rel=\"nofollow\" href=\"http:\/\/blog.thomas-pape.de\/?page_id=59#comment-1345\">was Vers 3 mit meinem Namen zu tun hat<\/a><\/li>\n<li><a rel=\"nofollow\" href=\"http:\/\/blog.thomas-pape.de\/?page_id=59#comment-1346\">ist uns hier das kleine W\u00f6rtchen &#8222;sehr&#8220; aufgefallen?<\/a><\/li>\n<li><a rel=\"nofollow\" href=\"http:\/\/blog.thomas-pape.de\/?page_id=59#comment-1347\">endlich kommen all die Psalmen \u00fcber die Befreiung!<\/a><\/li>\n<li><a rel=\"nofollow\" href=\"http:\/\/blog.thomas-pape.de\/?page_id=59#comment-1365\">die St\u00e4rke ist Gottes, sein ist die G\u00fcte<\/a><\/li>\n<\/ul>\n<p>&nbsp;<\/p>\n<h2>Psalm 64 &#8211; 66<\/h2>\n<ul>\n<li><a rel=\"nofollow\" href=\"http:\/\/blog.thomas-pape.de\/?page_id=59#comment-1348\">immer  die selbe Masche &#8211; daran kann man diejenigen erkennen, die auf der  Seite des Widersachers stehen (auch wenn sie selbst es vielleicht nicht  bemerken)<\/a><\/li>\n<li><a rel=\"nofollow\" href=\"http:\/\/blog.thomas-pape.de\/?page_id=59#comment-1349\">k\u00f6nnten wir dies auch von uns ganz pers\u00f6nlich sagen?<\/a><\/li>\n<li><a rel=\"nofollow\" href=\"http:\/\/blog.thomas-pape.de\/?page_id=59#comment-1366\">wie gl\u00fccklich k\u00f6nnen wir sein, vor Jehova ein gutes Gewissen bewahrt zu haben<\/a><\/li>\n<\/ul>\n<p>&nbsp;<\/p>\n<h2>Psalm 67 &#8211; 69<\/h2>\n<ul>\n<li> <a rel=\"nofollow\" href=\"http:\/\/blog.thomas-pape.de\/?page_id=59#comment-1350\">\u00dcbelt\u00e4ter und Schadenstifter werden hier als Personen bezeichnet, die Jehova aufs Tiefste hassen<\/a> &#8211; ist uns dies klar?<\/li>\n<li><a rel=\"nofollow\" href=\"http:\/\/blog.thomas-pape.de\/?page_id=59#comment-1351\">lassen wir uns bitte nicht von momentanen Erfolg Sand in die Augen streuen<\/a><\/li>\n<li><a rel=\"nofollow\" href=\"http:\/\/blog.thomas-pape.de\/?page_id=59#comment-1352\">wundersch\u00f6ne, tr\u00f6stliche Psalmen<\/a><\/li>\n<li><a rel=\"nofollow\" href=\"http:\/\/blog.thomas-pape.de\/?page_id=59#comment-1367\">haben auch wir oft Angst, ohne die Hand Gottes ertrinken zu m\u00fcssen?<\/a><\/li>\n<\/ul>\n<p>&nbsp;<\/p>\n<h2>Psalm 70 &#8211; 72<\/h2>\n<ul>\n<li><a rel=\"nofollow\" href=\"http:\/\/blog.thomas-pape.de\/?page_id=59#comment-1368\">&#8222;Um deswillen ist Er damit zufrieden, auf der Erde elend und arm zu sein&#8220;<\/a> &#8211; erg\u00e4nzender Stoff<\/li>\n<\/ul>\n<p>&nbsp;<\/p>\n<p>&nbsp;<br \/>\ndie H\u00f6hepunkte zum 2. Buch der Pslamen finden wir im <a rel=\"nofollow\" href=\"http:\/\/blog.thomas-pape.de\/bibellesen\/die-psalmen\/zweites-buch-der-psalmen\/comment-page-1\/#comment-2540\">WT vom 01.06.2006<\/a><\/p>\n","protected":false},"excerpt":{"rendered":"<p>alle Gedanken, Kommentare und erg\u00e4nzenden Stoff zum 2. Buch der Psalmen findet ihr hier &nbsp; Psalm 42 &#8222;Sch\u00e4tzt du das Zusammensein mit Gottes Dienern?&#8220; &#8211; erg\u00e4nzender WT-Artikel Jehova nimmt uns unsere Gef\u00fchle nicht \u00fcbel &#8211; er hat Verst\u00e4ndnis daf\u00fcr &nbsp; Psalm 43 &#8211; 45 wer sich versto\u00dfen f\u00fchlt &#8211; was kann dieser tun? was hat [&hellip;]<\/p>\n","protected":false},"author":2,"featured_media":0,"comment_status":"open","ping_status":"open","sticky":false,"template":"","format":"standard","meta":{"footnotes":""},"categories":[572],"tags":[],"class_list":["post-2229","post","type-post","status-publish","format-standard","hentry","category-thematische-verlinkung-der-einzelnen-kapitel"],"_links":{"self":[{"href":"https:\/\/bibellesen.jule-pape.de\/index.php?rest_route=\/wp\/v2\/posts\/2229","targetHints":{"allow":["GET"]}}],"collection":[{"href":"https:\/\/bibellesen.jule-pape.de\/index.php?rest_route=\/wp\/v2\/posts"}],"about":[{"href":"https:\/\/bibellesen.jule-pape.de\/index.php?rest_route=\/wp\/v2\/types\/post"}],"author":[{"embeddable":true,"href":"https:\/\/bibellesen.jule-pape.de\/index.php?rest_route=\/wp\/v2\/users\/2"}],"replies":[{"embeddable":true,"href":"https:\/\/bibellesen.jule-pape.de\/index.php?rest_route=%2Fwp%2Fv2%2Fcomments&post=2229"}],"version-history":[{"count":4,"href":"https:\/\/bibellesen.jule-pape.de\/index.php?rest_route=\/wp\/v2\/posts\/2229\/revisions"}],"predecessor-version":[{"id":2231,"href":"https:\/\/bibellesen.jule-pape.de\/index.php?rest_route=\/wp\/v2\/posts\/2229\/revisions\/2231"}],"wp:attachment":[{"href":"https:\/\/bibellesen.jule-pape.de\/index.php?rest_route=%2Fwp%2Fv2%2Fmedia&parent=2229"}],"wp:term":[{"taxonomy":"category","embeddable":true,"href":"https:\/\/bibellesen.jule-pape.de\/index.php?rest_route=%2Fwp%2Fv2%2Fcategories&post=2229"},{"taxonomy":"post_tag","embeddable":true,"href":"https:\/\/bibellesen.jule-pape.de\/index.php?rest_route=%2Fwp%2Fv2%2Ftags&post=2229"}],"curies":[{"name":"wp","href":"https:\/\/api.w.org\/{rel}","templated":true}]}}