
{"id":2128,"date":"2011-03-28T12:13:37","date_gmt":"2011-03-28T11:13:37","guid":{"rendered":"http:\/\/bibellesen.jule-pape.de\/?p=2128"},"modified":"2011-03-28T12:23:48","modified_gmt":"2011-03-28T11:23:48","slug":"ruth-2","status":"publish","type":"post","link":"https:\/\/bibellesen.jule-pape.de\/?p=2128","title":{"rendered":"Ruth &#8211; thematische Verlinkung"},"content":{"rendered":"<p>alle Gedanken, erg\u00e4nzenden Stoff und Kommentare zu Ruth findet ihr <a rel=\"nofollow\" href=\"http:\/\/blog.thomas-pape.de\/bibellesen\/ruth\/\">hier<\/a> auf der Seite der Familie<\/p>\n<p>&nbsp;<\/p>\n<p><strong>Ruth 1 &#8211; 4<\/strong><\/p>\n<ul>\n<li><a rel=\"nofollow\" href=\"http:\/\/blog.thomas-pape.de\/bibellesen\/ruth\/#comment-109\">war es richtig, dass Elimelich mit seiner Familie w\u00e4hrend der Hungersnot sein Land verlie\u00df?<\/a> &#8211; h\u00e4tte er nicht auf Jehova vertrauen m\u00fcssen?<\/li>\n<li><a rel=\"nofollow\" href=\"http:\/\/blog.thomas-pape.de\/bibellesen\/ruth\/#comment-110\">Boas greift helfend ein, es hatte sich f\u00fcr Ruth gelohnt<\/a><\/li>\n<li><a rel=\"nofollow\" href=\"http:\/\/blog.thomas-pape.de\/bibellesen\/ruth\/#comment-111\">wie m\u00f6gen die anderen wohl gedacht haben?<\/a><\/li>\n<li><a rel=\"nofollow\" href=\"http:\/\/blog.thomas-pape.de\/bibellesen\/ruth\/#comment-1252\">Ruth und Noomi &#8211; Bilder f\u00fcr die Kids zum Ausmalen<\/a><\/li>\n<li><a rel=\"nofollow\" href=\"http:\/\/blog.thomas-pape.de\/bibellesen\/ruth\/#comment-1264\">erg\u00e4nzender Stoff von einer anderen WebSite<\/a><\/li>\n<li><a rel=\"nofollow\" href=\"http:\/\/blog.thomas-pape.de\/bibellesen\/ruth\/comment-page-1\/#comment-2366\">&#8222;Eine Ehe gegen alle Erwartungen &#8211; Boas und Ruth&#8220;<\/a> &#8211; ein wundersch\u00f6ner WT-Artikel<\/li>\n<li><a rel=\"nofollow\" href=\"http:\/\/blog.thomas-pape.de\/bibellesen\/ruth\/comment-page-1\/#comment-2367\">was wir Frauen von Ruth lernen k\u00f6nnen<\/a> &#8211; erg\u00e4nzender WT-Artikel auszugsweise<\/li>\n<li><a rel=\"nofollow\" href=\"http:\/\/blog.thomas-pape.de\/bibellesen\/ruth\/comment-page-1\/#comment-2368\">wie uns Ruths Geschichte wahre Loyalit\u00e4t lehrt<\/a> &#8211; erg\u00e4nzender WT-Artikel<\/li>\n<li><a rel=\"nofollow\" href=\"http:\/\/blog.thomas-pape.de\/bibellesen\/ruth\/comment-page-1\/#comment-2369\">wieso das Buch Ruth f\u00fcr uns heute noch n\u00fctzich ist<\/a><\/li>\n<\/ul>\n<p>&nbsp;<\/p>\n<p>Die H\u00f6hepunkte zum Bibelbuch Ruth finden wir im <a rel=\"nofollow\" href=\"http:\/\/blog.thomas-pape.de\/bibellesen\/ruth\/comment-page-1\/#comment-2365\">WT vom 01.03.2005<\/a><\/p>\n<p>&nbsp;<\/p>\n<p>&nbsp;<\/p>\n","protected":false},"excerpt":{"rendered":"<p>alle Gedanken, erg\u00e4nzenden Stoff und Kommentare zu Ruth findet ihr hier auf der Seite der Familie &nbsp; Ruth 1 &#8211; 4 war es richtig, dass Elimelich mit seiner Familie w\u00e4hrend der Hungersnot sein Land verlie\u00df? &#8211; h\u00e4tte er nicht auf Jehova vertrauen m\u00fcssen? Boas greift helfend ein, es hatte sich f\u00fcr Ruth gelohnt wie m\u00f6gen [&hellip;]<\/p>\n","protected":false},"author":2,"featured_media":0,"comment_status":"open","ping_status":"open","sticky":false,"template":"","format":"standard","meta":{"footnotes":""},"categories":[572],"tags":[],"class_list":["post-2128","post","type-post","status-publish","format-standard","hentry","category-thematische-verlinkung-der-einzelnen-kapitel"],"_links":{"self":[{"href":"https:\/\/bibellesen.jule-pape.de\/index.php?rest_route=\/wp\/v2\/posts\/2128","targetHints":{"allow":["GET"]}}],"collection":[{"href":"https:\/\/bibellesen.jule-pape.de\/index.php?rest_route=\/wp\/v2\/posts"}],"about":[{"href":"https:\/\/bibellesen.jule-pape.de\/index.php?rest_route=\/wp\/v2\/types\/post"}],"author":[{"embeddable":true,"href":"https:\/\/bibellesen.jule-pape.de\/index.php?rest_route=\/wp\/v2\/users\/2"}],"replies":[{"embeddable":true,"href":"https:\/\/bibellesen.jule-pape.de\/index.php?rest_route=%2Fwp%2Fv2%2Fcomments&post=2128"}],"version-history":[{"count":3,"href":"https:\/\/bibellesen.jule-pape.de\/index.php?rest_route=\/wp\/v2\/posts\/2128\/revisions"}],"predecessor-version":[{"id":2130,"href":"https:\/\/bibellesen.jule-pape.de\/index.php?rest_route=\/wp\/v2\/posts\/2128\/revisions\/2130"}],"wp:attachment":[{"href":"https:\/\/bibellesen.jule-pape.de\/index.php?rest_route=%2Fwp%2Fv2%2Fmedia&parent=2128"}],"wp:term":[{"taxonomy":"category","embeddable":true,"href":"https:\/\/bibellesen.jule-pape.de\/index.php?rest_route=%2Fwp%2Fv2%2Fcategories&post=2128"},{"taxonomy":"post_tag","embeddable":true,"href":"https:\/\/bibellesen.jule-pape.de\/index.php?rest_route=%2Fwp%2Fv2%2Ftags&post=2128"}],"curies":[{"name":"wp","href":"https:\/\/api.w.org\/{rel}","templated":true}]}}