
{"id":1718,"date":"2010-12-26T22:15:28","date_gmt":"2010-12-26T21:15:28","guid":{"rendered":"http:\/\/bibellesen.jule-pape.de\/?p=1718"},"modified":"2010-12-26T22:15:28","modified_gmt":"2010-12-26T21:15:28","slug":"barnabas-sohn-des-trostes","status":"publish","type":"post","link":"https:\/\/bibellesen.jule-pape.de\/?p=1718","title":{"rendered":"Barnabas &#8211; Sohn des Trostes"},"content":{"rendered":"<p>Eine der S\u00e4ulen der jungen Jerusalemer Versammlung war Joseph, ein Levit und geb\u00fcrtiger Zyprer. Die Apostel gaben ihm einen Beinamen, der gut zu seinem Charakter passte: Barnabas, das hei\u00dft \u201eSohn des Trostes\u201c (Apg. 4:36). Wenn Barnabas sah, dass irgendwo Not am Mann war, war er sofort zur Stelle.<\/p>\n<p>  Zu Pfingsten\u00a033 wurden in Jerusalem 3\u00a0000 neue J\u00fcnger getauft. Wahrscheinlich hatten viele von ihnen nicht geplant, nach dem Fest noch so lange in der Stadt zu bleiben. Die Versammlung wollte gern alle versorgen. Deshalb verkaufte Barnabas ein St\u00fcck Land und \u00fcbergab den Aposteln das Geld gro\u00dfz\u00fcgig als Spende (Apg. 4:32-37).<\/p>\n<p>  Barnabas, ein erfahrener \u00c4ltester, half, wo er nur konnte. Er war es, der f\u00fcr Saulus von Tarsus nach seiner Bekehrung eine Bresche schlug, als alle anderen J\u00fcnger vor dem ber\u00fcchtigten Verfolger Angst hatten (Apg. 9:26,\u00a027). Wie allein schon diese Beispiele zeigen, war Barnabas wirklich ein \u201eSohn des Trostes\u201c. Auch reagierte er gut, als Paulus mit ihm und Petrus einmal Klartext reden musste, weil sie das Verh\u00e4ltnis zwischen j\u00fcdischen und nichtj\u00fcdischen Christen falsch sahen (Gal. 2:9, 11-14).<\/p>\n","protected":false},"excerpt":{"rendered":"<p>Eine der S\u00e4ulen der jungen Jerusalemer Versammlung war Joseph, ein Levit und geb\u00fcrtiger Zyprer. Die Apostel gaben ihm einen Beinamen, der gut zu seinem Charakter passte: Barnabas, das hei\u00dft \u201eSohn des Trostes\u201c (Apg. 4:36). Wenn Barnabas sah, dass irgendwo Not am Mann war, war er sofort zur Stelle. Zu Pfingsten\u00a033 wurden in Jerusalem 3\u00a0000 neue [&hellip;]<\/p>\n","protected":false},"author":2,"featured_media":0,"comment_status":"open","ping_status":"open","sticky":false,"template":"","format":"standard","meta":{"footnotes":""},"categories":[515],"tags":[],"class_list":["post-1718","post","type-post","status-publish","format-standard","hentry","category-biblische-personen"],"_links":{"self":[{"href":"https:\/\/bibellesen.jule-pape.de\/index.php?rest_route=\/wp\/v2\/posts\/1718","targetHints":{"allow":["GET"]}}],"collection":[{"href":"https:\/\/bibellesen.jule-pape.de\/index.php?rest_route=\/wp\/v2\/posts"}],"about":[{"href":"https:\/\/bibellesen.jule-pape.de\/index.php?rest_route=\/wp\/v2\/types\/post"}],"author":[{"embeddable":true,"href":"https:\/\/bibellesen.jule-pape.de\/index.php?rest_route=\/wp\/v2\/users\/2"}],"replies":[{"embeddable":true,"href":"https:\/\/bibellesen.jule-pape.de\/index.php?rest_route=%2Fwp%2Fv2%2Fcomments&post=1718"}],"version-history":[{"count":1,"href":"https:\/\/bibellesen.jule-pape.de\/index.php?rest_route=\/wp\/v2\/posts\/1718\/revisions"}],"predecessor-version":[{"id":1719,"href":"https:\/\/bibellesen.jule-pape.de\/index.php?rest_route=\/wp\/v2\/posts\/1718\/revisions\/1719"}],"wp:attachment":[{"href":"https:\/\/bibellesen.jule-pape.de\/index.php?rest_route=%2Fwp%2Fv2%2Fmedia&parent=1718"}],"wp:term":[{"taxonomy":"category","embeddable":true,"href":"https:\/\/bibellesen.jule-pape.de\/index.php?rest_route=%2Fwp%2Fv2%2Fcategories&post=1718"},{"taxonomy":"post_tag","embeddable":true,"href":"https:\/\/bibellesen.jule-pape.de\/index.php?rest_route=%2Fwp%2Fv2%2Ftags&post=1718"}],"curies":[{"name":"wp","href":"https:\/\/api.w.org\/{rel}","templated":true}]}}