
{"id":1562,"date":"2010-05-30T21:45:58","date_gmt":"2010-05-30T20:45:58","guid":{"rendered":"http:\/\/bibellesen.jule-pape.de\/?p=1562"},"modified":"2013-07-05T19:19:07","modified_gmt":"2013-07-05T18:19:07","slug":"juni","status":"publish","type":"post","link":"https:\/\/bibellesen.jule-pape.de\/?p=1562","title":{"rendered":"Juni"},"content":{"rendered":"<p><strong>hier das Bibelleseprogramm f\u00fcr Juni 2010<\/strong><\/p>\n<ol>\n<li>Juni <a href=\"http:\/\/bibellesen.jule-pape.de\/?p=814\">Spr\u00fcche 1 &#8211; 3<\/a><\/li>\n<li>Juni <a href=\"http:\/\/bibellesen.jule-pape.de\/?p=817\">Spr\u00fcche 4 &#8211; 7<\/a><\/li>\n<li>Juni <a href=\"http:\/\/bibellesen.jule-pape.de\/?p=821\">Spr\u00fcche 8 &#8211; 11<\/a><\/li>\n<li>Juni <a href=\"http:\/\/bibellesen.jule-pape.de\/?p=824\">Spr\u00fcche 12 &#8211; 14<\/a><\/li>\n<li>Juni <a href=\"http:\/\/bibellesen.jule-pape.de\/?p=826\">Spr\u00fcche 15 &#8211; 18<\/a><\/li>\n<li>Juni <a href=\"http:\/\/bibellesen.jule-pape.de\/?p=828\">Spr\u00fcche 19 &#8211; 21<\/a><\/li>\n<li>Juni <a href=\"http:\/\/bibellesen.jule-pape.de\/?p=829\">Spr\u00fcche 22 &#8211; 24<\/a><\/li>\n<li>Juni <a href=\"http:\/\/bibellesen.jule-pape.de\/?p=831\">Spr\u00fcche 25 &#8211; 28<\/a><\/li>\n<li>Juni <a href=\"http:\/\/bibellesen.jule-pape.de\/?p=833\">Spr\u00fcche 29 &#8211; 31<\/a><\/li>\n<li>Juni <a href=\"http:\/\/bibellesen.jule-pape.de\/?p=841\">Prediger 1 &#8211; 3<\/a><\/li>\n<li>Juni <a href=\"http:\/\/bibellesen.jule-pape.de\/?p=844\">Prediger 4 &#8211; 6<\/a><\/li>\n<li>Juni <a href=\"http:\/\/bibellesen.jule-pape.de\/?p=846\">Prediger 7 &#8211; 9<\/a><\/li>\n<li>Juni <a href=\"http:\/\/bibellesen.jule-pape.de\/?p=848\">Prediger 10 &#8211; 12<\/a><\/li>\n<li>Juni <a href=\"http:\/\/bibellesen.jule-pape.de\/?p=855\">Hohelied 1 &#8211; 4<\/a><\/li>\n<li>Juni <a href=\"http:\/\/bibellesen.jule-pape.de\/?p=857\">Hohelied 5 &#8211; 8<\/a><\/li>\n<li>Juni <a href=\"http:\/\/bibellesen.jule-pape.de\/?p=874\">1. K\u00f6nige 5 &#8211; 7<\/a><\/li>\n<li>Juni <a href=\"http:\/\/bibellesen.jule-pape.de\/?p=877\">1. K\u00f6nige 8 &#8211; 10<\/a><\/li>\n<li>Juni <a href=\"http:\/\/bibellesen.jule-pape.de\/?p=878\">1. K\u00f6nige 11 &#8211; 13<\/a><\/li>\n<li>Juni <a href=\"http:\/\/bibellesen.jule-pape.de\/?p=880\">1. K\u00f6nige 14 &#8211; 16<\/a><\/li>\n<li>Juni <a href=\"http:\/\/bibellesen.jule-pape.de\/?p=882\">1. K\u00f6nige 17 &#8211; 19<\/a><\/li>\n<li>Juni <a href=\"http:\/\/bibellesen.jule-pape.de\/?p=884\">1. K\u00f6nige 20 &#8211; 22<\/a><\/li>\n<li>Juni <a href=\"http:\/\/bibellesen.jule-pape.de\/?p=893\">2. K\u00f6nige 1 &#8211; 3<\/a><\/li>\n<li>Juni <a href=\"http:\/\/bibellesen.jule-pape.de\/?p=895\">2. K\u00f6nige 4 &#8211; 6<\/a><\/li>\n<li>Juni <a href=\"http:\/\/bibellesen.jule-pape.de\/?p=897\">2. K\u00f6nige 7 &#8211; 10<\/a><\/li>\n<li>Juni <a href=\"http:\/\/bibellesen.jule-pape.de\/?p=898\">2. K\u00f6nige 11 &#8211; 14:20<\/a><\/li>\n<li>Juni <a href=\"http:\/\/bibellesen.jule-pape.de\/?p=900\">Joel 1 &#8211; 3<\/a><\/li>\n<li>Juni <a href=\"http:\/\/bibellesen.jule-pape.de\/?p=902\">2. K\u00f6nige 14:21-25<\/a> und <a href=\"http:\/\/bibellesen.jule-pape.de\/?p=904\">Jona 1 &#8211; 4<\/a><\/li>\n<li>Juni <a href=\"http:\/\/bibellesen.jule-pape.de\/?p=906\">2. K\u00f6nige 14:26 -29<\/a> und <a href=\"http:\/\/bibellesen.jule-pape.de\/?p=908\">Amos 1 &#8211; 3<\/a><\/li>\n<li>Juni <a href=\"http:\/\/bibellesen.jule-pape.de\/?p=911\">Amos 4 &#8211; 6<\/a><\/li>\n<li>Juni <a href=\"http:\/\/bibellesen.jule-pape.de\/?p=913\">Amos 7 &#8211; 9<\/a><\/li>\n<\/ol>\n","protected":false},"excerpt":{"rendered":"<p>hier das Bibelleseprogramm f\u00fcr Juni 2010 Juni Spr\u00fcche 1 &#8211; 3 Juni Spr\u00fcche 4 &#8211; 7 Juni Spr\u00fcche 8 &#8211; 11 Juni Spr\u00fcche 12 &#8211; 14 Juni Spr\u00fcche 15 &#8211; 18 Juni Spr\u00fcche 19 &#8211; 21 Juni Spr\u00fcche 22 &#8211; 24 Juni Spr\u00fcche 25 &#8211; 28 Juni Spr\u00fcche 29 &#8211; 31 Juni Prediger 1 &#8211; [&hellip;]<\/p>\n","protected":false},"author":2,"featured_media":0,"comment_status":"open","ping_status":"open","sticky":false,"template":"","format":"standard","meta":{"footnotes":""},"categories":[514],"tags":[],"class_list":["post-1562","post","type-post","status-publish","format-standard","hentry","category-bibelleseprogram"],"_links":{"self":[{"href":"https:\/\/bibellesen.jule-pape.de\/index.php?rest_route=\/wp\/v2\/posts\/1562","targetHints":{"allow":["GET"]}}],"collection":[{"href":"https:\/\/bibellesen.jule-pape.de\/index.php?rest_route=\/wp\/v2\/posts"}],"about":[{"href":"https:\/\/bibellesen.jule-pape.de\/index.php?rest_route=\/wp\/v2\/types\/post"}],"author":[{"embeddable":true,"href":"https:\/\/bibellesen.jule-pape.de\/index.php?rest_route=\/wp\/v2\/users\/2"}],"replies":[{"embeddable":true,"href":"https:\/\/bibellesen.jule-pape.de\/index.php?rest_route=%2Fwp%2Fv2%2Fcomments&post=1562"}],"version-history":[{"count":8,"href":"https:\/\/bibellesen.jule-pape.de\/index.php?rest_route=\/wp\/v2\/posts\/1562\/revisions"}],"predecessor-version":[{"id":3550,"href":"https:\/\/bibellesen.jule-pape.de\/index.php?rest_route=\/wp\/v2\/posts\/1562\/revisions\/3550"}],"wp:attachment":[{"href":"https:\/\/bibellesen.jule-pape.de\/index.php?rest_route=%2Fwp%2Fv2%2Fmedia&parent=1562"}],"wp:term":[{"taxonomy":"category","embeddable":true,"href":"https:\/\/bibellesen.jule-pape.de\/index.php?rest_route=%2Fwp%2Fv2%2Fcategories&post=1562"},{"taxonomy":"post_tag","embeddable":true,"href":"https:\/\/bibellesen.jule-pape.de\/index.php?rest_route=%2Fwp%2Fv2%2Ftags&post=1562"}],"curies":[{"name":"wp","href":"https:\/\/api.w.org\/{rel}","templated":true}]}}