
{"id":902,"date":"2009-06-27T09:53:20","date_gmt":"2009-06-27T08:53:20","guid":{"rendered":"http:\/\/bibellesen.jule-pape.de\/?p=902"},"modified":"2009-07-28T18:28:56","modified_gmt":"2009-07-28T17:28:56","slug":"2-konige-1421-25","status":"publish","type":"post","link":"http:\/\/bibellesen.jule-pape.de\/?p=902","title":{"rendered":"2. K\u00f6nige 14:21 &#8211; 25"},"content":{"rendered":"<p>Dann nahm das ganze Volk von Juda Asarja, der damals sechzehn Jahre alt war, und sie machten ihn zum K\u00f6nig an seines Vaters Amazja Statt. 22 Er war es, der Elath baute und es dann an Juda zur\u00fcckbrachte, nachdem sich der K\u00f6nig zu seinen Vorv\u00e4tern gelegt hatte.<\/p>\n<p>23 Im f\u00fcnfzehnten Jahr Amazjas, des Sohnes des Joas, des K\u00f6nigs von Juda, wurde Jerobeam, der Sohn des Joas, des K\u00f6nigs von Israel, K\u00f6nig in Samaria f\u00fcr einundvierzig Jahre. 24 Und er tat weiterhin, was b\u00f6se war in Jehovas Augen. Er wich nicht von allen S\u00fcnden Jerobeams, des Sohnes Nebats, mit denen er Israel veranla\u00dft hatte zu s\u00fcndigen. 25 Er war es, der die Grenze Israels vom Eingang nach Hamath bis zum Meer der Araba wiederherstellte, nach dem Wort Jehovas, des Gottes Israels, der durch seinen Knecht Jona, den Sohn Amittais, den Propheten, der von Gath-Hepher war, geredet hatte.<\/p>\n","protected":false},"excerpt":{"rendered":"<p>Dann nahm das ganze Volk von Juda Asarja, der damals sechzehn Jahre alt war, und sie machten ihn zum K\u00f6nig an seines Vaters Amazja Statt. 22 Er war es, der Elath baute und es dann an Juda zur\u00fcckbrachte, nachdem sich der K\u00f6nig zu seinen Vorv\u00e4tern gelegt hatte. 23 Im f\u00fcnfzehnten Jahr Amazjas, des Sohnes des [&hellip;]<\/p>\n","protected":false},"author":2,"featured_media":0,"comment_status":"open","ping_status":"open","sticky":false,"template":"","format":"standard","meta":{"footnotes":""},"categories":[447,2],"tags":[],"class_list":["post-902","post","type-post","status-publish","format-standard","hentry","category-2-konige","category-text-in-der-bibel"],"_links":{"self":[{"href":"http:\/\/bibellesen.jule-pape.de\/index.php?rest_route=\/wp\/v2\/posts\/902","targetHints":{"allow":["GET"]}}],"collection":[{"href":"http:\/\/bibellesen.jule-pape.de\/index.php?rest_route=\/wp\/v2\/posts"}],"about":[{"href":"http:\/\/bibellesen.jule-pape.de\/index.php?rest_route=\/wp\/v2\/types\/post"}],"author":[{"embeddable":true,"href":"http:\/\/bibellesen.jule-pape.de\/index.php?rest_route=\/wp\/v2\/users\/2"}],"replies":[{"embeddable":true,"href":"http:\/\/bibellesen.jule-pape.de\/index.php?rest_route=%2Fwp%2Fv2%2Fcomments&post=902"}],"version-history":[{"count":7,"href":"http:\/\/bibellesen.jule-pape.de\/index.php?rest_route=\/wp\/v2\/posts\/902\/revisions"}],"predecessor-version":[{"id":960,"href":"http:\/\/bibellesen.jule-pape.de\/index.php?rest_route=\/wp\/v2\/posts\/902\/revisions\/960"}],"wp:attachment":[{"href":"http:\/\/bibellesen.jule-pape.de\/index.php?rest_route=%2Fwp%2Fv2%2Fmedia&parent=902"}],"wp:term":[{"taxonomy":"category","embeddable":true,"href":"http:\/\/bibellesen.jule-pape.de\/index.php?rest_route=%2Fwp%2Fv2%2Fcategories&post=902"},{"taxonomy":"post_tag","embeddable":true,"href":"http:\/\/bibellesen.jule-pape.de\/index.php?rest_route=%2Fwp%2Fv2%2Ftags&post=902"}],"curies":[{"name":"wp","href":"https:\/\/api.w.org\/{rel}","templated":true}]}}