
{"id":3761,"date":"2013-09-09T07:55:12","date_gmt":"2013-09-09T06:55:12","guid":{"rendered":"http:\/\/bibellesen.jule-pape.de\/?p=3761"},"modified":"2013-09-16T07:57:16","modified_gmt":"2013-09-16T06:57:16","slug":"der-pharisaeer-und-die-suenderin","status":"publish","type":"post","link":"http:\/\/bibellesen.jule-pape.de\/?p=3761","title":{"rendered":"Der Pharis\u00e4er und die S\u00fcnderin"},"content":{"rendered":"<blockquote><p>Es bat ihn aber einer der Pharis\u00e4er, mit ihm zu essen; und er ging in das Haus des Pharis\u00e4ers und legte sich zu Tisch. Lukas 7,36<\/p><\/blockquote>\n<p><strong>Der Pharis\u00e4er und die S\u00fcnderin (1)<\/strong><\/p>\n<p>Bevor der Herr Jesus Christus seinen \u00f6ffentlichen Dienst begann, rief schon Johannes der T\u00e4ufer das Volk Israel zur Bu\u00dfe auf. Er wies auf den Erl\u00f6ser hin, der im Alten Testament verhei\u00dfen war und jetzt kommen w\u00fcrde, um sein Volk von ihren S\u00fcnden zu retten. Viele Juden folgten seinem Ruf und lie\u00dfen sich taufen. Damit gaben sie \u00e4u\u00dferlich zu erkennen, dass sie von ihren S\u00fcnden lassen wollten, um in das Reich des Messias eingehen zu k\u00f6nnen.<\/p>\n<p>Doch die Pharis\u00e4er und Gesetzgelehrten, die religi\u00f6sen F\u00fchrer des Volkes, verweigerten sich diesem Gebot Gottes (Lukas 7,30). Ob der Pharis\u00e4er Simon hier eine r\u00fchmliche Ausnahme macht? Er l\u00e4dt Jesus zum Essen ein. Schl\u00e4gt sein Herz vielleicht doch f\u00fcr den Sohn Gottes?<\/p>\n<p>Sp\u00e4ter wird deutlich werden: Simon mag ein &#8222;korrekter&#8220; Gastgeber sein, aber sein Verhalten gegen\u00fcber dem Herrn l\u00e4sst jedes Merkmal besonderer Herzlichkeit und F\u00fcrsorge vermissen. Auch er will nicht glauben, dass Jesus der Messias, der Sohn Gottes, ist.<\/p>\n<p>Aber warum l\u00e4dt Simon den Herrn dann \u00fcberhaupt ein? Die Wunder, die der Heiland getan hat, und seine Worte voller Barmherzigkeit und voller Kraft sind weithin bekannt geworden. Ist Simon neugierig geworden? Will der Pharis\u00e4er mit dieser Einladung dokumentieren, dass er f\u00fcr vieles offen ist? Oder meint er etwa, seinen anderen G\u00e4sten einmal eine besondere Art der Unterhaltung bieten zu m\u00fcssen? Vielleicht kommen alle diese Beweggr\u00fcnde zusammen. &#8211; Aber sind das wohl gute Voraussetzungen dazu, den Sohn Gottes wirklich kennenzulernen? Ihn so kennenzulernen, wie Er ist, und zu erfassen, was Er f\u00fcr uns sein will? <\/p>\n","protected":false},"excerpt":{"rendered":"<p>Es bat ihn aber einer der Pharis\u00e4er, mit ihm zu essen; und er ging in das Haus des Pharis\u00e4ers und legte sich zu Tisch. Lukas 7,36 Der Pharis\u00e4er und die S\u00fcnderin (1) Bevor der Herr Jesus Christus seinen \u00f6ffentlichen Dienst begann, rief schon Johannes der T\u00e4ufer das Volk Israel zur Bu\u00dfe auf. Er wies auf [&hellip;]<\/p>\n","protected":false},"author":2,"featured_media":0,"comment_status":"open","ping_status":"open","sticky":false,"template":"","format":"standard","meta":{"footnotes":""},"categories":[596],"tags":[],"class_list":["post-3761","post","type-post","status-publish","format-standard","hentry","category-vdhs"],"_links":{"self":[{"href":"http:\/\/bibellesen.jule-pape.de\/index.php?rest_route=\/wp\/v2\/posts\/3761","targetHints":{"allow":["GET"]}}],"collection":[{"href":"http:\/\/bibellesen.jule-pape.de\/index.php?rest_route=\/wp\/v2\/posts"}],"about":[{"href":"http:\/\/bibellesen.jule-pape.de\/index.php?rest_route=\/wp\/v2\/types\/post"}],"author":[{"embeddable":true,"href":"http:\/\/bibellesen.jule-pape.de\/index.php?rest_route=\/wp\/v2\/users\/2"}],"replies":[{"embeddable":true,"href":"http:\/\/bibellesen.jule-pape.de\/index.php?rest_route=%2Fwp%2Fv2%2Fcomments&post=3761"}],"version-history":[{"count":2,"href":"http:\/\/bibellesen.jule-pape.de\/index.php?rest_route=\/wp\/v2\/posts\/3761\/revisions"}],"predecessor-version":[{"id":3763,"href":"http:\/\/bibellesen.jule-pape.de\/index.php?rest_route=\/wp\/v2\/posts\/3761\/revisions\/3763"}],"wp:attachment":[{"href":"http:\/\/bibellesen.jule-pape.de\/index.php?rest_route=%2Fwp%2Fv2%2Fmedia&parent=3761"}],"wp:term":[{"taxonomy":"category","embeddable":true,"href":"http:\/\/bibellesen.jule-pape.de\/index.php?rest_route=%2Fwp%2Fv2%2Fcategories&post=3761"},{"taxonomy":"post_tag","embeddable":true,"href":"http:\/\/bibellesen.jule-pape.de\/index.php?rest_route=%2Fwp%2Fv2%2Ftags&post=3761"}],"curies":[{"name":"wp","href":"https:\/\/api.w.org\/{rel}","templated":true}]}}