
{"id":3463,"date":"2013-06-16T14:23:38","date_gmt":"2013-06-16T13:23:38","guid":{"rendered":"http:\/\/bibellesen.jule-pape.de\/?p=3463"},"modified":"2013-06-16T14:57:00","modified_gmt":"2013-06-16T13:57:00","slug":"epheser-teil-3-unseren-platz-in-der-gemeinde-finden","status":"publish","type":"post","link":"http:\/\/bibellesen.jule-pape.de\/?p=3463","title":{"rendered":"Epheser Teil 3 &#8211; unseren Platz in der Gemeinde finden"},"content":{"rendered":"<p>weiter geht es mit <em><strong><a href=\"https:\/\/office.1und1.de\/guest?path=Epheser%20-%20unsere%20Gemeinde%20-%20info%40ws-freunde.de&#038;token=D958A9BBE029D5C4&#038;mandant=02&#038;product=onlineoffice&#038;locale=de&#038;viewType=0\" target=\"_blank\">Epheser &#8211; unserer Gemeinde<\/a><\/strong><\/em> &#8211; aber diesmal lesen wir aus 1. Korinther 12-14.<\/p>\n<p>Als erstes m\u00fcssen wir uns ganz klar das Schema der Priorit\u00e4ten klar machen:<\/p>\n<p><strong>Priorit\u00e4ten<\/strong><\/p>\n<ol>\n<li>\u00dcberzeugung<\/li>\n<li>Beziehung mit Gott<\/li>\n<li>Charakter<\/li>\n<li>Berufung<\/li>\n<li>Gemeinschaft<\/li>\n<li>Dienst<\/li>\n<li>Leitung<\/li>\n<\/ol>\n<p>Alles baut aufeinander auf. Es gibt keinen Dienst ohne \u00dcberzeugung. Der n\u00e4chste Punkt geht nur, wenn die davor vorhanden sind. Ansonsten werden wir nie bei Gott und Jesus ankommen!<\/p>\n<p>&nbsp;<\/p>\n","protected":false},"excerpt":{"rendered":"<p>weiter geht es mit Epheser &#8211; unserer Gemeinde &#8211; aber diesmal lesen wir aus 1. Korinther 12-14. Als erstes m\u00fcssen wir uns ganz klar das Schema der Priorit\u00e4ten klar machen: Priorit\u00e4ten \u00dcberzeugung Beziehung mit Gott Charakter Berufung Gemeinschaft Dienst Leitung Alles baut aufeinander auf. Es gibt keinen Dienst ohne \u00dcberzeugung. Der n\u00e4chste Punkt geht nur, [&hellip;]<\/p>\n","protected":false},"author":2,"featured_media":0,"comment_status":"open","ping_status":"open","sticky":false,"template":"","format":"standard","meta":{"footnotes":""},"categories":[588,583],"tags":[],"class_list":["post-3463","post","type-post","status-publish","format-standard","hentry","category-notizen-von-ansprachen","category-rock-berlin"],"_links":{"self":[{"href":"http:\/\/bibellesen.jule-pape.de\/index.php?rest_route=\/wp\/v2\/posts\/3463","targetHints":{"allow":["GET"]}}],"collection":[{"href":"http:\/\/bibellesen.jule-pape.de\/index.php?rest_route=\/wp\/v2\/posts"}],"about":[{"href":"http:\/\/bibellesen.jule-pape.de\/index.php?rest_route=\/wp\/v2\/types\/post"}],"author":[{"embeddable":true,"href":"http:\/\/bibellesen.jule-pape.de\/index.php?rest_route=\/wp\/v2\/users\/2"}],"replies":[{"embeddable":true,"href":"http:\/\/bibellesen.jule-pape.de\/index.php?rest_route=%2Fwp%2Fv2%2Fcomments&post=3463"}],"version-history":[{"count":5,"href":"http:\/\/bibellesen.jule-pape.de\/index.php?rest_route=\/wp\/v2\/posts\/3463\/revisions"}],"predecessor-version":[{"id":3470,"href":"http:\/\/bibellesen.jule-pape.de\/index.php?rest_route=\/wp\/v2\/posts\/3463\/revisions\/3470"}],"wp:attachment":[{"href":"http:\/\/bibellesen.jule-pape.de\/index.php?rest_route=%2Fwp%2Fv2%2Fmedia&parent=3463"}],"wp:term":[{"taxonomy":"category","embeddable":true,"href":"http:\/\/bibellesen.jule-pape.de\/index.php?rest_route=%2Fwp%2Fv2%2Fcategories&post=3463"},{"taxonomy":"post_tag","embeddable":true,"href":"http:\/\/bibellesen.jule-pape.de\/index.php?rest_route=%2Fwp%2Fv2%2Ftags&post=3463"}],"curies":[{"name":"wp","href":"https:\/\/api.w.org\/{rel}","templated":true}]}}