
{"id":2627,"date":"2011-08-08T12:08:32","date_gmt":"2011-08-08T11:08:32","guid":{"rendered":"http:\/\/bibellesen.jule-pape.de\/?p=2627"},"modified":"2011-08-22T20:21:58","modified_gmt":"2011-08-22T19:21:58","slug":"hohepunkte-zu-habakuk-2","status":"publish","type":"post","link":"http:\/\/bibellesen.jule-pape.de\/?p=2627","title":{"rendered":"H\u00f6hepunkte zu Obadja"},"content":{"rendered":"<p><strong>Das Wort Jehovas ist lebendig<br \/>\nH\u00f6hepunkte aus dem Buch Obadja<\/strong><\/p>\n<p>\u201eDIE Vision Obadjas\u201c (Obadja\u00a01). Mit diesen Worten beginnt das gleichnamige Bibelbuch. Abgesehen von dem Namen erw\u00e4hnt der Prophet in seinem Buch nichts \u00fcber sich selbst. Obadja stellte seine Aufzeichnung im Jahr 607\u00a0v.\u00a0u.\u00a0Z. fertig. Mehr als 200 Jahre fr\u00fcher schrieb der Prophet Jona ein Buch. Er berichtet darin offen, was er in Verbindung mit seinem Missionardienst erlebte. In die Zeit zwischen dem Prophetendienst Obadjas und Jonas fallen die 60\u00a0Jahre des Dienstes Michas, von 777 bis 717\u00a0v.\u00a0u.\u00a0Z. Micha berichtet von sich nur, dass er aus der Stadt Morescheth stammt und dass das Wort Jehovas \u201ein den Tagen des Jotham, Ahas, Hiskia, der K\u00f6nige von Juda\u201c, an ihn erging (Micha 1:1). Er war mit dem Landleben vertraut, was die Veranschaulichungen zeigen, durch die er die einzelnen Punkte seiner Botschaft hervorhebt.<\/p>\n<p><strong>EDOM WIRD \u201eWEGGETILGT WERDEN M\u00dcSSEN AUF UNABSEHBARE ZEIT\u201c<br \/>\n(Obadja 1-21)<\/strong><\/p>\n<p>\u00dcber Edom sagt Obadja: \u201eWegen der Gewalttat an deinem Bruder Jakob wird Schande dich bedecken, und du wirst weggetilgt werden m\u00fcssen auf unabsehbare Zeit.\u201c Dem Propheten ist noch frisch im Sinn, wie gewaltt\u00e4tig sich die Edomiter gegen\u00fcber den S\u00f6hnen Jakobs, den Israeliten, verhalten haben. Im Jahr 607\u00a0v.\u00a0u.\u00a0Z., als Jerusalem von den Babyloniern zerst\u00f6rt worden ist, \u2018stand Edom abseits\u2019 und verb\u00fcndete sich mit den einfallenden \u201eAusl\u00e4ndern\u201c (Obadja 10,\u00a011).<\/p>\n<p>Im Gegensatz zu Edom steht dem Haus Jakob eine Wiederherstellung bevor. Obadjas Prophezeiung lautet: \u201eAuf dem Berg Zion, da werden bestimmt die Entronnenen sein, und er soll etwas Heiliges werden\u201c (Obadja\u00a017).<\/p>\n<p><strong>Antworten auf biblische Fragen:<\/strong><\/p>\n<p><strong>5-8 \u2014 Was soll dadurch hervorgehoben werden, dass die Vernichtung Edoms dem Kommen von n\u00e4chtlichen Pl\u00fcnderern und Traubenlesern gegen\u00fcbergestellt wird?<\/strong><br \/>\nWenn Diebe nach Edom gekommen w\u00e4ren, h\u00e4tten sie nur so viel genommen, wie sie wollten. W\u00e4ren Traubenleser gekommen, h\u00e4tten sie etwas f\u00fcr die Nachlese \u00fcbrig gelassen. Beim Sturz Edoms wird man jedoch gr\u00fcndlich nach seinen Sch\u00e4tzen suchen und \u201edie M\u00e4nner, die im Bund mit .\u00a0.\u00a0. [Edom] sind\u201c, die verb\u00fcndeten Babylonier, werden es vollst\u00e4ndig pl\u00fcndern (Jeremia 49:9,\u00a010).<\/p>\n<p><strong>10 \u2014 Wie wurde Edom \u201eweggetilgt .\u00a0.\u00a0. auf unabsehbare Zeit\u201c? <\/strong><br \/>\nWie vorausgesagt verschwand der edomitische Staat samt Regierung und Bev\u00f6lkerung aus einem bestimmten geografischen Gebiet. Edom wurde um die Mitte des 6.\u00a0Jahrhunderts\u00a0v.\u00a0u.\u00a0Z. von dem babylonischen K\u00f6nig Nabonid erobert. Im 4.\u00a0Jahrhundert\u00a0v.\u00a0u.\u00a0Z. bewohnten die Nabat\u00e4er das edomitische Gebiet; die Edomiter mussten sich im s\u00fcdlichen Teil Judas niederlassen, und zwar im Negeb, einem Gebiet, das man sp\u00e4ter Idum\u00e4a nannte. Nach der Zerst\u00f6rung Jerusalems durch die R\u00f6mer im Jahr 70\u00a0u.\u00a0Z. h\u00f6rten die Edomiter als Volk zu bestehen auf.<\/p>\n<p><strong>Lehren f\u00fcr uns:<\/strong><\/p>\n<p><strong>3,\u00a04<\/strong>. Die Edomiter wohnten in einem Gebiet zerkl\u00fcfteter Felsen, hoher Berge und tiefer Schluchten. Aufgrund dieser strategisch ausgezeichneten Lage f\u00fchlten sie sich in ihrer Vermessenheit wohl absolut sicher. Aber sie irrten sich, denn Strafgerichten Jehovas kann man nicht entgehen.<\/p>\n<p><strong>8, 9, 15<\/strong>. Menschliche Weisheit und Macht bieten am \u201eTag Jehovas\u201c keinen Schutz (Jeremia 49:7,\u00a022).<\/p>\n<p><strong>12-14<\/strong>. Die Edomiter sind ein warnendes Beispiel f\u00fcr alle, die Schadenfreude \u00fcber Probleme von Dienern Gottes empfinden. F\u00fcr Jehova ist eine schlechte Behandlung seines Volkes nichts Unbedeutendes.<\/p>\n<p><strong>17-20<\/strong>. Diese Wiederherstellungsprophezeiung begann sich an den S\u00f6hnen Jakobs zu erf\u00fcllen, als 537\u00a0v.\u00a0u.\u00a0Z. eine Anzahl Juden aus Babylon nach Jerusalem zur\u00fcckkehrten. Was Jehova sagt, trifft immer ein. Auf seine Zusagen k\u00f6nnen wir uneingeschr\u00e4nkt vertrauen.<\/p>\n","protected":false},"excerpt":{"rendered":"<p>Das Wort Jehovas ist lebendig H\u00f6hepunkte aus dem Buch Obadja \u201eDIE Vision Obadjas\u201c (Obadja\u00a01). Mit diesen Worten beginnt das gleichnamige Bibelbuch. Abgesehen von dem Namen erw\u00e4hnt der Prophet in seinem Buch nichts \u00fcber sich selbst. Obadja stellte seine Aufzeichnung im Jahr 607\u00a0v.\u00a0u.\u00a0Z. fertig. Mehr als 200 Jahre fr\u00fcher schrieb der Prophet Jona ein Buch. Er [&hellip;]<\/p>\n","protected":false},"author":2,"featured_media":0,"comment_status":"open","ping_status":"open","sticky":false,"template":"","format":"standard","meta":{"footnotes":""},"categories":[39],"tags":[],"class_list":["post-2627","post","type-post","status-publish","format-standard","hentry","category-hohepunkte-der-bibellesung"],"_links":{"self":[{"href":"http:\/\/bibellesen.jule-pape.de\/index.php?rest_route=\/wp\/v2\/posts\/2627","targetHints":{"allow":["GET"]}}],"collection":[{"href":"http:\/\/bibellesen.jule-pape.de\/index.php?rest_route=\/wp\/v2\/posts"}],"about":[{"href":"http:\/\/bibellesen.jule-pape.de\/index.php?rest_route=\/wp\/v2\/types\/post"}],"author":[{"embeddable":true,"href":"http:\/\/bibellesen.jule-pape.de\/index.php?rest_route=\/wp\/v2\/users\/2"}],"replies":[{"embeddable":true,"href":"http:\/\/bibellesen.jule-pape.de\/index.php?rest_route=%2Fwp%2Fv2%2Fcomments&post=2627"}],"version-history":[{"count":2,"href":"http:\/\/bibellesen.jule-pape.de\/index.php?rest_route=\/wp\/v2\/posts\/2627\/revisions"}],"predecessor-version":[{"id":2647,"href":"http:\/\/bibellesen.jule-pape.de\/index.php?rest_route=\/wp\/v2\/posts\/2627\/revisions\/2647"}],"wp:attachment":[{"href":"http:\/\/bibellesen.jule-pape.de\/index.php?rest_route=%2Fwp%2Fv2%2Fmedia&parent=2627"}],"wp:term":[{"taxonomy":"category","embeddable":true,"href":"http:\/\/bibellesen.jule-pape.de\/index.php?rest_route=%2Fwp%2Fv2%2Fcategories&post=2627"},{"taxonomy":"post_tag","embeddable":true,"href":"http:\/\/bibellesen.jule-pape.de\/index.php?rest_route=%2Fwp%2Fv2%2Ftags&post=2627"}],"curies":[{"name":"wp","href":"https:\/\/api.w.org\/{rel}","templated":true}]}}