
{"id":1643,"date":"2010-12-11T15:30:41","date_gmt":"2010-12-11T14:30:41","guid":{"rendered":"http:\/\/bibellesen.jule-pape.de\/?p=1643"},"modified":"2010-12-11T15:30:41","modified_gmt":"2010-12-11T14:30:41","slug":"hohepunkte-zum-brief-des-paulus-an-die-epheser","status":"publish","type":"post","link":"http:\/\/bibellesen.jule-pape.de\/?p=1643","title":{"rendered":"H\u00f6hepunkte zum Brief des Paulus an die Epheser"},"content":{"rendered":"<p><strong>\u2018In dem Christus alle Dinge zusammen bringen\u2019<br \/>\n(Eph. 1:1\u20146:24)<\/strong><\/p>\n<p>In seinem Brief an die Epheser stellt Paulus die christliche Einheit heraus. Er spricht von einer \u201eVerwaltung an der Grenze der F\u00fclle der bestimmten Zeiten\u201c und sagt, dass \u2018in dem Christus wieder alle Dinge zusammengebracht werden, die Dinge in den Himmeln und die Dinge auf der Erde\u2019. Christus hat \u201eGaben in Form von Menschen\u201c gegeben, damit \u201ealle zur Einheit im Glauben .\u00a0.\u00a0. gelangen\u201c (Eph. 1:10; 4:8, 13).<\/p>\n<p>Christen sollten \u201edie neue Pers\u00f6nlichkeit anziehen\u201c und \u2018einander in der Furcht Christi untertan sein\u2019. Dadurch ehren sie Gott und f\u00f6rdern die Einheit. Sie m\u00fcssen auch \u201egegen die Machenschaften des Teufels standhalten\u201c, indem sie die vollst\u00e4ndige geistige Waffenr\u00fcstung anlegen (Eph. 4:24; 5:21; 6:11).<\/p>\n<p><strong>Antworten auf biblische Fragen:<\/strong><\/p>\n<p><strong>1:4-7 \u2014 Wie wurden gesalbte Christen lange vor ihrer Geburt vorherbestimmt? <\/strong><br \/>\nSie wurden nicht als Einzelne, sondern als Gruppe oder Klasse vorherbestimmt, und zwar bevor das erste Menschenpaar die S\u00fcnde an seine Kinder weitergab. Die Prophezeiung in 1.\u00a0Mose 3:15, die vor der allerersten Empf\u00e4ngnis ge\u00e4u\u00dfert wurde, schlie\u00dft Gottes Vorsatz ein, dass einige Nachfolger Christi zusammen mit Christus im Himmel regieren (Gal. 3:16, 29).<\/p>\n<p><strong>2:2 \u2014 Wieso ist der Geist der Welt mit Luft vergleichbar und worin besteht seine Gewalt? <\/strong><br \/>\nDer \u201eGeist der Welt\u201c, das hei\u00dft der Geist der Unabh\u00e4ngigkeit und des Ungehorsams, ist so allgegenw\u00e4rtig wie die Luft, die wir einatmen (1.\u00a0Kor. 2:12). Seine Gewalt oder Macht besteht in seinem unerbittlichen, hartn\u00e4ckigen Einfluss.<\/p>\n<p><strong>2:6 \u2014 Wie k\u00f6nnen gesalbte Christen \u201ein den himmlischen \u00d6rtern\u201c sein, obwohl sie noch auf der Erde sind? <\/strong><br \/>\nBei den \u201ehimmlischen \u00d6rtern\u201c handelt es sich hier nicht um das himmlische Erbe, das ihnen versprochen wurde. Es geht vielmehr um ihre erh\u00f6hte Stellung von Gottes Sicht aus, die sich daraus ergibt, dass sie \u201emit dem verhei\u00dfenen heiligen Geist versiegelt worden\u201c sind (Eph. 1:13, 14).<\/p>\n<p><strong>Lehren f\u00fcr uns:<\/strong><\/p>\n<p><strong>4:8, 11-15<\/strong>. Jesus Christus \u201ef\u00fchrte .\u00a0.\u00a0. Gefangene hinweg\u201c, das hei\u00dft, er befreite Menschen aus der Gewalt Satans, damit sie als Gaben zur Erbauung der Christenversammlung dienen k\u00f6nnten. Wir k\u00f6nnen \u201ein allen Dingen durch Liebe in .\u00a0.\u00a0. [Christus] hineinwachsen\u201c, indem wir denen, die unter uns die F\u00fchrung innehaben, gehorchen und untertan sind sowie mit der Versammlung zusammenarbeiten (Heb. 13:7, 17).<\/p>\n<p><strong>5:22-24, 33<\/strong>. Eine Frau sollte ihrem Mann untertan sein und ihn auch respektieren. Das tut sie, indem sie einen \u201estillen und milden Geist\u201c erkennen l\u00e4sst. Sie ehrt ihn, wenn sie gut von ihm spricht und seine Entscheidungen mittr\u00e4gt (1.\u00a0Pet. 3:3,\u00a04; Tit. 2:3-5).<\/p>\n<p><strong>5:25, 28, 29<\/strong>. Ein Mann sollte physisch, emotionell und in Glaubensdingen gut f\u00fcr seine Frau sorgen, denn schlie\u00dflich \u201en\u00e4hrt\u201c er sich auch selbst. Er \u201epflegt\u201c seine Frau dadurch, dass er sich gen\u00fcgend Zeit f\u00fcr sie nimmt und behutsam mit ihr umgeht.<\/p>\n<p><strong>6:10-13<\/strong>. Damit wir den b\u00f6sen Geisterm\u00e4chten widerstehen k\u00f6nnen, m\u00fcssen wir die Waffenr\u00fcstung Gottes vollst\u00e4ndig und gewissenhaft anlegen.<\/p>\n","protected":false},"excerpt":{"rendered":"<p>\u2018In dem Christus alle Dinge zusammen bringen\u2019 (Eph. 1:1\u20146:24) In seinem Brief an die Epheser stellt Paulus die christliche Einheit heraus. Er spricht von einer \u201eVerwaltung an der Grenze der F\u00fclle der bestimmten Zeiten\u201c und sagt, dass \u2018in dem Christus wieder alle Dinge zusammengebracht werden, die Dinge in den Himmeln und die Dinge auf der [&hellip;]<\/p>\n","protected":false},"author":2,"featured_media":0,"comment_status":"open","ping_status":"open","sticky":false,"template":"","format":"standard","meta":{"footnotes":""},"categories":[39],"tags":[],"class_list":["post-1643","post","type-post","status-publish","format-standard","hentry","category-hohepunkte-der-bibellesung"],"_links":{"self":[{"href":"http:\/\/bibellesen.jule-pape.de\/index.php?rest_route=\/wp\/v2\/posts\/1643","targetHints":{"allow":["GET"]}}],"collection":[{"href":"http:\/\/bibellesen.jule-pape.de\/index.php?rest_route=\/wp\/v2\/posts"}],"about":[{"href":"http:\/\/bibellesen.jule-pape.de\/index.php?rest_route=\/wp\/v2\/types\/post"}],"author":[{"embeddable":true,"href":"http:\/\/bibellesen.jule-pape.de\/index.php?rest_route=\/wp\/v2\/users\/2"}],"replies":[{"embeddable":true,"href":"http:\/\/bibellesen.jule-pape.de\/index.php?rest_route=%2Fwp%2Fv2%2Fcomments&post=1643"}],"version-history":[{"count":1,"href":"http:\/\/bibellesen.jule-pape.de\/index.php?rest_route=\/wp\/v2\/posts\/1643\/revisions"}],"predecessor-version":[{"id":1645,"href":"http:\/\/bibellesen.jule-pape.de\/index.php?rest_route=\/wp\/v2\/posts\/1643\/revisions\/1645"}],"wp:attachment":[{"href":"http:\/\/bibellesen.jule-pape.de\/index.php?rest_route=%2Fwp%2Fv2%2Fmedia&parent=1643"}],"wp:term":[{"taxonomy":"category","embeddable":true,"href":"http:\/\/bibellesen.jule-pape.de\/index.php?rest_route=%2Fwp%2Fv2%2Fcategories&post=1643"},{"taxonomy":"post_tag","embeddable":true,"href":"http:\/\/bibellesen.jule-pape.de\/index.php?rest_route=%2Fwp%2Fv2%2Ftags&post=1643"}],"curies":[{"name":"wp","href":"https:\/\/api.w.org\/{rel}","templated":true}]}}