
{"id":1632,"date":"2010-12-11T15:01:45","date_gmt":"2010-12-11T14:01:45","guid":{"rendered":"http:\/\/bibellesen.jule-pape.de\/?p=1632"},"modified":"2010-12-20T22:31:26","modified_gmt":"2010-12-20T21:31:26","slug":"hohepunkte-aus-dem-2-brief-an-die-korinther","status":"publish","type":"post","link":"http:\/\/bibellesen.jule-pape.de\/?p=1632","title":{"rendered":"H\u00f6hepunkte aus dem 2. Brief an die Korinther"},"content":{"rendered":"<p><strong>\u201eFahrt fort, wieder zurecht gebracht zu werden\u201c<br \/>\n(2. Kor. 1:1\u201413:14)<\/strong><\/p>\n<p>Paulus weist die Korinther an, einem Misset\u00e4ter, der einen Verweis erhalten hat und Reue zeigt, zu \u201everzeihen und ihn [zu] tr\u00f6sten\u201c. Der erste Brief hat sie zwar traurig gemacht, dennoch freut sich Paulus, \u2018weil sie traurig gemacht wurden zur Reue\u2019 (2.\u00a0Kor. 2:6,\u00a07; 7:8,\u00a09).<\/p>\n<p>Paulus legt den Korinthern nahe, \u2018im Geben \u00fcberstr\u00f6mend zu sein\u2019, so wie sie \u201ein allem \u00fcberstr\u00f6mend\u201c sind. Nachdem er auf seine Gegner eingegangen ist, r\u00e4t er allen zum Abschluss: \u201eFahrt fort, euch zu freuen, wieder zurechtgebracht zu werden, getr\u00f6stet zu werden, \u00fcbereinstimmend zu denken, friedsam zu leben\u201c (2.\u00a0Kor. 8:7; 13:11).<\/p>\n<p><strong>Antworten auf biblische Fragen:<\/strong><\/p>\n<p><strong>2:15, 16 \u2014 Wieso sind wir \u201eein Wohlgeruch Christi\u201c?<\/strong><br \/>\nWeil wir uns eng an die Bibel halten und ihre Botschaft gern verbreiten. Ein solcher \u201eDuft\u201c widert ungerechte Menschen vielleicht an, Jehova aber und aufrichtige Menschen empfinden ihn als sehr angenehm.<\/p>\n<p><strong>5:16 \u2014 Wieso kann man sagen, dass gesalbte Christen \u2018keinen Menschen gem\u00e4\u00df dem Fleisch kennen\u2019? <\/strong><br \/>\nGesalbte beurteilen andere nicht nach rein menschlichen\u00a0\u2014 fleischlichen\u00a0\u2014 Kriterien: Sie bevorzugen niemand aufgrund der finanziellen Situation, Herkunft, Rasse, Ethnie oder Staatsangeh\u00f6rigkeit. F\u00fcr sie z\u00e4hlt allein, dass jemand ihr Glaubensbruder ist.<\/p>\n<p><strong>11:1, 16; 12:11 \u2014 Verhielt sich Paulus tats\u00e4chlich unvern\u00fcnftig gegen\u00fcber den Korinthern? <\/strong><br \/>\nNein, allerdings k\u00f6nnte er einigen unvern\u00fcnftig oder gro\u00dfspurig vorgekommen sein, weil er sich gezwungen sah, sein Apostelamt mit Nachdruck zu verteidigen.<\/p>\n<p><strong>12:1-4 \u2014 Wer war der Mensch, der \u201ein das Paradies entr\u00fcckt wurde\u201c? <\/strong><br \/>\nDa die Bibel von niemand sonst berichtet, der eine solche Vision hatte, und Paulus direkt im Anschluss an die Verteidigung seines Apostelamts davon sprach, bezog er sich wahrscheinlich auf etwas, was er selbst erlebt hatte. Paulus wurde in dieser Vision vermutlich in das geistige Paradies versetzt, in dem sich die Christenversammlung in der \u201eZeit des Endes\u201c befindet (Dan. 12:4).<\/p>\n<p><strong>Lehren f\u00fcr uns:<\/strong><\/p>\n<p><strong>3:5<\/strong>. In diesem Vers geht es darum, dass es Jehova ist, der Christen f\u00fcr den Dienst hinreichend bef\u00e4higt, und zwar durch sein Wort, seinen heiligen Geist und den irdischen Teil seiner Organisation (Joh. 16:7; 2.\u00a0Tim. 3:16,\u00a017). Wir sind also gut beraten, die Bibel und biblische Publikationen flei\u00dfig zu studieren, Jehova immer wieder um seinen Geist zu bitten und die christlichen Zusammenk\u00fcnfte regelm\u00e4\u00dfig zu besuchen und aktiv mitzumachen (Ps. 1:1-3; Luk. 11:10-13; Heb. 10:24,\u00a025).<\/p>\n<p><strong>4:16<\/strong>. Jehova erneuert den Menschen, \u201eder wir innerlich sind, von Tag zu Tag\u201c. Deshalb d\u00fcrfen wir auch keinen Tag vergehen lassen, ohne uns mit unserem Glauben zu besch\u00e4ftigen. Wir sollten wirklich alles ausnutzen, was Jehova uns daf\u00fcr zur Verf\u00fcgung stellt.<\/p>\n<p><strong>4:17, 18<\/strong>. Der Gedanke daran, dass \u201edie Drangsal von kurzer Dauer und leicht ist\u201c, kann uns helfen, Jehova in schwierigen Zeiten treu zu bleiben.<\/p>\n<p><strong>5:1-5.<\/strong> Paulus fasst die Empfindungen der Gesalbten gegen\u00fcber der himmlischen Hoffnung in wirklich sch\u00f6ne Worte!<\/p>\n<p><strong>10:13<\/strong>. Allgemein gilt die Regel: Wir sollten nur unser eigenes Versammlungsgebiet bearbeiten, es sei denn, wir wurden gebeten, in einem anderen Gebiet auszuhelfen.<\/p>\n<p><strong>13:5<\/strong>. Um \u2018zu pr\u00fcfen, ob wir im Glauben sind\u2019, m\u00fcssen wir unser Verhalten an dem messen, was wir aus der Bibel lernen. Um \u2018uns zu bew\u00e4hren\u2019, m\u00fcssen wir uns dar\u00fcber Gedanken machen, wie es um unser Geistiggesinntsein steht, wie scharf unser \u201eWahrnehmungsverm\u00f6gen\u201c ist und wie weit unsere Glaubenstaten gehen (Heb. 5:14; Jak. 1:22-25). Wenn wir die guten Empfehlungen, die Paulus gegeben hat, umsetzen, k\u00f6nnen wir best\u00e4ndig auf dem Weg der Wahrheit gehen.<\/p>\n","protected":false},"excerpt":{"rendered":"<p>\u201eFahrt fort, wieder zurecht gebracht zu werden\u201c (2. Kor. 1:1\u201413:14) Paulus weist die Korinther an, einem Misset\u00e4ter, der einen Verweis erhalten hat und Reue zeigt, zu \u201everzeihen und ihn [zu] tr\u00f6sten\u201c. Der erste Brief hat sie zwar traurig gemacht, dennoch freut sich Paulus, \u2018weil sie traurig gemacht wurden zur Reue\u2019 (2.\u00a0Kor. 2:6,\u00a07; 7:8,\u00a09). Paulus legt [&hellip;]<\/p>\n","protected":false},"author":2,"featured_media":0,"comment_status":"open","ping_status":"open","sticky":false,"template":"","format":"standard","meta":{"footnotes":""},"categories":[39],"tags":[],"class_list":["post-1632","post","type-post","status-publish","format-standard","hentry","category-hohepunkte-der-bibellesung"],"_links":{"self":[{"href":"http:\/\/bibellesen.jule-pape.de\/index.php?rest_route=\/wp\/v2\/posts\/1632","targetHints":{"allow":["GET"]}}],"collection":[{"href":"http:\/\/bibellesen.jule-pape.de\/index.php?rest_route=\/wp\/v2\/posts"}],"about":[{"href":"http:\/\/bibellesen.jule-pape.de\/index.php?rest_route=\/wp\/v2\/types\/post"}],"author":[{"embeddable":true,"href":"http:\/\/bibellesen.jule-pape.de\/index.php?rest_route=\/wp\/v2\/users\/2"}],"replies":[{"embeddable":true,"href":"http:\/\/bibellesen.jule-pape.de\/index.php?rest_route=%2Fwp%2Fv2%2Fcomments&post=1632"}],"version-history":[{"count":3,"href":"http:\/\/bibellesen.jule-pape.de\/index.php?rest_route=\/wp\/v2\/posts\/1632\/revisions"}],"predecessor-version":[{"id":1663,"href":"http:\/\/bibellesen.jule-pape.de\/index.php?rest_route=\/wp\/v2\/posts\/1632\/revisions\/1663"}],"wp:attachment":[{"href":"http:\/\/bibellesen.jule-pape.de\/index.php?rest_route=%2Fwp%2Fv2%2Fmedia&parent=1632"}],"wp:term":[{"taxonomy":"category","embeddable":true,"href":"http:\/\/bibellesen.jule-pape.de\/index.php?rest_route=%2Fwp%2Fv2%2Fcategories&post=1632"},{"taxonomy":"post_tag","embeddable":true,"href":"http:\/\/bibellesen.jule-pape.de\/index.php?rest_route=%2Fwp%2Fv2%2Ftags&post=1632"}],"curies":[{"name":"wp","href":"https:\/\/api.w.org\/{rel}","templated":true}]}}